{"id":9031,"date":"2024-01-15T12:42:37","date_gmt":"2024-01-15T18:42:37","guid":{"rendered":"https:\/\/cronicadesoledad.com\/?p=9031"},"modified":"2024-01-15T12:42:37","modified_gmt":"2024-01-15T18:42:37","slug":"carroza-arrollo-a-dos-transeuntes-y-choco","status":"publish","type":"post","link":"https:\/\/cronicadesoledad.com\/index.php\/2024\/01\/15\/carroza-arrollo-a-dos-transeuntes-y-choco\/","title":{"rendered":"Carroza arroll\u00f3 a dos transe\u00fantes y choc\u00f3\u00a0"},"content":{"rendered":"\n<p>VILLA DE REYES. &#8211; Dos personas resultaron con lesiones de tras ser atropelladas por una camioneta tipo carroza, propiedad de la empresa funeraria Alisef, en el camino hacia la localidad de Pardo, en Villa de Reyes. El accidente tuvo lugar la tarde del domingo mientras la pareja caminaba por la carretera de la comunidad mencionada.&nbsp;<\/p>\n\n\n\n<p>Luego del doble atropellamiento, el conductor del veh\u00edculo funerario perdi\u00f3 el control del volante de la unidad se fue a un lado del camino para, enseguida. terminar proyectado contra un \u00e1rbol y quedando con da\u00f1os significativos en la parte frontal.&nbsp;<\/p>\n\n\n\n<p>Fueron testigos del aparatoso accidente quienes se acercaron a tratar de auxiliar a las personas arrolladas, otras fueron a donde se encontraba la averiada camioneta, tambi\u00e9n para tratar de prestarle ayuda.&nbsp;<\/p>\n\n\n\n<p>Mientras, otras personas llamaban al 911 de atenci\u00f3n a emergencias, solicitaron ayuda, y param\u00e9dicos de Seguridad P\u00fablica de Villa de Reyes llegaron al lugar para brindar atenci\u00f3n a los heridos, quienes fueron trasladados a un hospital para recibir tratamiento m\u00e9dico.&nbsp;<\/p>\n\n\n\n<p>Se espera que la aseguradora de la funeraria, de acuerdo con la informaci\u00f3n proporcionada, se haga cargo de los gastos m\u00e9dicos y la reparaci\u00f3n de los da\u00f1os materiales. Agentes de la Direcci\u00f3n General de Seguridad P\u00fablica y Polic\u00eda Vial Municipal de Villa de Reyes tomaron conocimiento del incidente y est\u00e1n llevando a cabo las investigaciones correspondientes.&nbsp;<\/p>\n\n\n\n<p>Se pidi\u00f3 el apoyo de una gr\u00faa para proceder a rescatar el veh\u00edculo del lugar donde qued\u00f3 tras el atropellamiento y choque para ser llevado a un corral\u00f3n, donde fue puesto a disposici\u00f3n de la Agencia del Ministerio P\u00fablico.&nbsp;<\/p>\n","protected":false},"excerpt":{"rendered":"<p>VILLA DE REYES. &#8211; Dos personas resultaron con lesiones de tras ser atropelladas por una camioneta tipo carroza, propiedad de la empresa funeraria Alisef, en el camino hacia la localidad de Pardo, en Villa de Reyes. El accidente tuvo lugar la tarde del domingo mientras la pareja caminaba por la carretera de la comunidad mencionada.&nbsp; [&hellip;]<\/p>\n","protected":false},"author":6,"featured_media":9032,"comment_status":"open","ping_status":"open","sticky":false,"template":"","format":"standard","meta":{"footnotes":""},"categories":[30,1],"tags":[789,1508,294,261,900],"class_list":{"0":"post-9031","1":"post","2":"type-post","3":"status-publish","4":"format-standard","5":"has-post-thumbnail","7":"category-de-la-region-centro","8":"category-destacadas","9":"tag-accidente","10":"tag-carroza","11":"tag-san-luis","12":"tag-slp","13":"tag-villa-de-reyes"},"_links":{"self":[{"href":"https:\/\/cronicadesoledad.com\/index.php\/wp-json\/wp\/v2\/posts\/9031","targetHints":{"allow":["GET"]}}],"collection":[{"href":"https:\/\/cronicadesoledad.com\/index.php\/wp-json\/wp\/v2\/posts"}],"about":[{"href":"https:\/\/cronicadesoledad.com\/index.php\/wp-json\/wp\/v2\/types\/post"}],"author":[{"embeddable":true,"href":"https:\/\/cronicadesoledad.com\/index.php\/wp-json\/wp\/v2\/users\/6"}],"replies":[{"embeddable":true,"href":"https:\/\/cronicadesoledad.com\/index.php\/wp-json\/wp\/v2\/comments?post=9031"}],"version-history":[{"count":1,"href":"https:\/\/cronicadesoledad.com\/index.php\/wp-json\/wp\/v2\/posts\/9031\/revisions"}],"predecessor-version":[{"id":9033,"href":"https:\/\/cronicadesoledad.com\/index.php\/wp-json\/wp\/v2\/posts\/9031\/revisions\/9033"}],"wp:featuredmedia":[{"embeddable":true,"href":"https:\/\/cronicadesoledad.com\/index.php\/wp-json\/wp\/v2\/media\/9032"}],"wp:attachment":[{"href":"https:\/\/cronicadesoledad.com\/index.php\/wp-json\/wp\/v2\/media?parent=9031"}],"wp:term":[{"taxonomy":"category","embeddable":true,"href":"https:\/\/cronicadesoledad.com\/index.php\/wp-json\/wp\/v2\/categories?post=9031"},{"taxonomy":"post_tag","embeddable":true,"href":"https:\/\/cronicadesoledad.com\/index.php\/wp-json\/wp\/v2\/tags?post=9031"}],"curies":[{"name":"wp","href":"https:\/\/api.w.org\/{rel}","templated":true}]}}