{"id":9037,"date":"2024-01-15T13:03:55","date_gmt":"2024-01-15T19:03:55","guid":{"rendered":"https:\/\/cronicadesoledad.com\/?p=9037"},"modified":"2024-01-15T13:03:55","modified_gmt":"2024-01-15T19:03:55","slug":"arcelia-morales-registro-su-precandidatura-a-alcaldesa-por-pvem","status":"publish","type":"post","link":"https:\/\/cronicadesoledad.com\/index.php\/2024\/01\/15\/arcelia-morales-registro-su-precandidatura-a-alcaldesa-por-pvem\/","title":{"rendered":"Arcelia Morales registr\u00f3 su precandidatura a alcaldesa por PVEM\u00a0"},"content":{"rendered":"\n<p>SANTA MAR\u00cdA DEL R\u00cdO. &#8211; En una decisi\u00f3n que marca el inicio de la contienda electoral en Santa Mar\u00eda del R\u00edo, la actual directora de Desarrollo Social del municipio, Arcelia Morales, formaliz\u00f3 su registro como aspirante a la candidatura por el Partido Verde Ecologista de M\u00e9xico (PVEM) para la presidencia municipal.&nbsp;<\/p>\n\n\n\n<p>El acto protocolario tuvo lugar la tarde esta tarde en las instalaciones del partido, donde Arcelia expres\u00f3 su gratitud hacia su familia y su equipo de trabajo por el apoyo brindado en este nuevo desaf\u00edo pol\u00edtico. &#8220;Me siento muy contenta de este registro, agradezco a mi familia y a mi equipo de trabajo&#8221;, afirm\u00f3 la aspirante.&nbsp;<\/p>\n\n\n\n<p>Durante su declaraci\u00f3n, Arcelia Morales enfatiz\u00f3 su compromiso de trabajar de la mano con la militancia del Partido Verde y los simpatizantes para consolidar su candidatura. &#8220;Primero voy a trabajar de cara con la militancia del partido y los simpatizantes para lograr la candidatura&#8221;, asegur\u00f3, destacando la importancia de la participaci\u00f3n ciudadana y el di\u00e1logo con la base del partido.&nbsp;<\/p>\n\n\n\n<p>La incursi\u00f3n de Arcelia Morales en la contienda electoral promete a\u00f1adir dinamismo al panorama pol\u00edtico local. La directora de Desarrollo Social, reconocida por su labor en el municipio, busca representar al Partido Verde Ecologista de M\u00e9xico con propuestas y acciones centradas en el bienestar y desarrollo sostenible de Santa Mar\u00eda del R\u00edo.&nbsp;<\/p>\n","protected":false},"excerpt":{"rendered":"<p>SANTA MAR\u00cdA DEL R\u00cdO. &#8211; En una decisi\u00f3n que marca el inicio de la contienda electoral en Santa Mar\u00eda del R\u00edo, la actual directora de Desarrollo Social del municipio, Arcelia Morales, formaliz\u00f3 su registro como aspirante a la candidatura por el Partido Verde Ecologista de M\u00e9xico (PVEM) para la presidencia municipal.&nbsp; El acto protocolario tuvo [&hellip;]<\/p>\n","protected":false},"author":6,"featured_media":9038,"comment_status":"open","ping_status":"open","sticky":false,"template":"","format":"standard","meta":{"footnotes":""},"categories":[30,1],"tags":[1509,1506,294,744,261],"class_list":{"0":"post-9037","1":"post","2":"type-post","3":"status-publish","4":"format-standard","5":"has-post-thumbnail","7":"category-de-la-region-centro","8":"category-destacadas","9":"tag-arcelia-morales","10":"tag-pvem","11":"tag-san-luis","12":"tag-santa-maria-del-rio","13":"tag-slp"},"_links":{"self":[{"href":"https:\/\/cronicadesoledad.com\/index.php\/wp-json\/wp\/v2\/posts\/9037","targetHints":{"allow":["GET"]}}],"collection":[{"href":"https:\/\/cronicadesoledad.com\/index.php\/wp-json\/wp\/v2\/posts"}],"about":[{"href":"https:\/\/cronicadesoledad.com\/index.php\/wp-json\/wp\/v2\/types\/post"}],"author":[{"embeddable":true,"href":"https:\/\/cronicadesoledad.com\/index.php\/wp-json\/wp\/v2\/users\/6"}],"replies":[{"embeddable":true,"href":"https:\/\/cronicadesoledad.com\/index.php\/wp-json\/wp\/v2\/comments?post=9037"}],"version-history":[{"count":1,"href":"https:\/\/cronicadesoledad.com\/index.php\/wp-json\/wp\/v2\/posts\/9037\/revisions"}],"predecessor-version":[{"id":9039,"href":"https:\/\/cronicadesoledad.com\/index.php\/wp-json\/wp\/v2\/posts\/9037\/revisions\/9039"}],"wp:featuredmedia":[{"embeddable":true,"href":"https:\/\/cronicadesoledad.com\/index.php\/wp-json\/wp\/v2\/media\/9038"}],"wp:attachment":[{"href":"https:\/\/cronicadesoledad.com\/index.php\/wp-json\/wp\/v2\/media?parent=9037"}],"wp:term":[{"taxonomy":"category","embeddable":true,"href":"https:\/\/cronicadesoledad.com\/index.php\/wp-json\/wp\/v2\/categories?post=9037"},{"taxonomy":"post_tag","embeddable":true,"href":"https:\/\/cronicadesoledad.com\/index.php\/wp-json\/wp\/v2\/tags?post=9037"}],"curies":[{"name":"wp","href":"https:\/\/api.w.org\/{rel}","templated":true}]}}