{"id":9100,"date":"2024-01-16T21:00:00","date_gmt":"2024-01-17T03:00:00","guid":{"rendered":"https:\/\/cronicadesoledad.com\/?p=9100"},"modified":"2024-01-16T18:16:21","modified_gmt":"2024-01-17T00:16:21","slug":"este-14-de-febrero-se-preve-gran-participacion-de-parejas-en-bodas-comunitarias","status":"publish","type":"post","link":"https:\/\/cronicadesoledad.com\/index.php\/2024\/01\/16\/este-14-de-febrero-se-preve-gran-participacion-de-parejas-en-bodas-comunitarias\/","title":{"rendered":"Este 14 de febrero, se prev\u00e9 gran participaci\u00f3n de parejas en Bodas Comunitarias"},"content":{"rendered":"\n<p>En un acto que promete ser emotivo y memorable, y en coordinaci\u00f3n con el Sistema Estatal para el Desarrollo Integral de la Familia (DIF), el Ayuntamiento de Soledad de Graciano S\u00e1nchez invita a todas las parejas soledenses que deseen formalizar su relaci\u00f3n a participar en la gran celebraci\u00f3n de Bodas Comunitarias a realizarse el pr\u00f3ximo mi\u00e9rcoles 14 de febrero, D\u00eda de San Valent\u00edn.<\/p>\n\n\n\n<p>Este evento est\u00e1 contemplado a realizarse en la Plaza Principal del municipio, a las 12 del mediod\u00eda, afirm\u00f3 el secretario General del Ayuntamiento, Ernesto Jes\u00fas Barajas \u00c1brego, qui\u00e9n inform\u00f3 que es un tr\u00e1mite totalmente gratuito, y las y los interesados en participar deben inscribirse previamente en cualquiera de las siete Oficial\u00edas del Registro Civil, antes del 12 de febrero, fecha l\u00edmite para asegurar su lugar en esta celebraci\u00f3n colectiva.<\/p>\n\n\n\n<p>Detall\u00f3 que los documentos necesarios son: actas de nacimiento, estudios m\u00e9dicos prenupciales, identificaciones oficiales, comprobante de domicilio, dos testigos de cada una de las parejas y cartilla militar en el caso de los hombres. Explic\u00f3 que, en caso de no contar con alguno documento requerido, las Oficial\u00edas brindar\u00e1n el apoyo necesario para informarles el procedimiento para que no dejen pasar la oportunidad de realizar el tr\u00e1mite de matrimonio.&nbsp;<\/p>\n\n\n\n<p>Expres\u00f3 que las Bodas Comunitarias son una tradici\u00f3n que busca fortalecer los lazos de la comunidad, haciendo posible que parejas de diferentes edades y contextos sociales celebren su amor de manera oficial y sin coste alguno. Destac\u00f3 que en el 2023 se logr\u00f3 un n\u00famero de parejas de m\u00e1s de 160 que aprovecharon la oportunidad de contraer matrimonio, por eso se prev\u00e9 que en este a\u00f1o sean aproximadamente 180.<\/p>\n\n\n\n<p>El funcionario anunci\u00f3 que habr\u00e1 diversas sorpresas que complementar\u00e1n la ceremonia, incentivando as\u00ed a toda la comunidad a ser parte de este d\u00eda festivo, m\u00e1s all\u00e1 de su estado civil, con diversos programas para amenizar el evento y compartir con todas y todos los asistentes la felicidad y uni\u00f3n que este d\u00eda representa.<\/p>\n","protected":false},"excerpt":{"rendered":"<p>En un acto que promete ser emotivo y memorable, y en coordinaci\u00f3n con el Sistema Estatal para el Desarrollo Integral de la Familia (DIF), el Ayuntamiento de Soledad de Graciano S\u00e1nchez invita a todas las parejas soledenses que deseen formalizar su relaci\u00f3n a participar en la gran celebraci\u00f3n de Bodas Comunitarias a realizarse el pr\u00f3ximo [&hellip;]<\/p>\n","protected":false},"author":2,"featured_media":9101,"comment_status":"open","ping_status":"open","sticky":false,"template":"","format":"standard","meta":{"footnotes":""},"categories":[24,21],"tags":[1535,81,223,1536,29,294,261,27],"class_list":{"0":"post-9100","1":"post","2":"type-post","3":"status-publish","4":"format-standard","5":"has-post-thumbnail","7":"category-informacion-general","8":"category-tu-soledad","9":"tag-14-de-febrero","10":"tag-alcaldesa-soledense","11":"tag-ayuntamiento-soledense","12":"tag-bodas-comunitarias","13":"tag-leonor-noyola","14":"tag-san-luis","15":"tag-slp","16":"tag-soledad"},"_links":{"self":[{"href":"https:\/\/cronicadesoledad.com\/index.php\/wp-json\/wp\/v2\/posts\/9100","targetHints":{"allow":["GET"]}}],"collection":[{"href":"https:\/\/cronicadesoledad.com\/index.php\/wp-json\/wp\/v2\/posts"}],"about":[{"href":"https:\/\/cronicadesoledad.com\/index.php\/wp-json\/wp\/v2\/types\/post"}],"author":[{"embeddable":true,"href":"https:\/\/cronicadesoledad.com\/index.php\/wp-json\/wp\/v2\/users\/2"}],"replies":[{"embeddable":true,"href":"https:\/\/cronicadesoledad.com\/index.php\/wp-json\/wp\/v2\/comments?post=9100"}],"version-history":[{"count":1,"href":"https:\/\/cronicadesoledad.com\/index.php\/wp-json\/wp\/v2\/posts\/9100\/revisions"}],"predecessor-version":[{"id":9102,"href":"https:\/\/cronicadesoledad.com\/index.php\/wp-json\/wp\/v2\/posts\/9100\/revisions\/9102"}],"wp:featuredmedia":[{"embeddable":true,"href":"https:\/\/cronicadesoledad.com\/index.php\/wp-json\/wp\/v2\/media\/9101"}],"wp:attachment":[{"href":"https:\/\/cronicadesoledad.com\/index.php\/wp-json\/wp\/v2\/media?parent=9100"}],"wp:term":[{"taxonomy":"category","embeddable":true,"href":"https:\/\/cronicadesoledad.com\/index.php\/wp-json\/wp\/v2\/categories?post=9100"},{"taxonomy":"post_tag","embeddable":true,"href":"https:\/\/cronicadesoledad.com\/index.php\/wp-json\/wp\/v2\/tags?post=9100"}],"curies":[{"name":"wp","href":"https:\/\/api.w.org\/{rel}","templated":true}]}}