{"id":9103,"date":"2024-01-16T22:00:00","date_gmt":"2024-01-17T04:00:00","guid":{"rendered":"https:\/\/cronicadesoledad.com\/?p=9103"},"modified":"2024-01-16T18:19:36","modified_gmt":"2024-01-17T00:19:36","slug":"rinden-homenaje-postumo-a-policia-caido","status":"publish","type":"post","link":"https:\/\/cronicadesoledad.com\/index.php\/2024\/01\/16\/rinden-homenaje-postumo-a-policia-caido\/","title":{"rendered":"Rinden homenaje p\u00f3stumo a polic\u00eda ca\u00eddo"},"content":{"rendered":"\n<p>Seguridad P\u00fablica de Soledad de Graciano S\u00e1nchez y autoridades municipales rindieron homenaje p\u00f3stumo al oficial, Jaime Guadalupe Capuchino, quien, con 16 a\u00f1os de servicio y vocaci\u00f3n en la corporaci\u00f3n, perdiera la vida en el cumplimiento de su deber; titulares de la Direcci\u00f3n General; la Alcaldesa, Leonor Noyola Cervantes, gabinete legal, familiares y amigos dieron el \u00faltimo adi\u00f3s en las instalaciones de la Comandancia Central.<\/p>\n\n\n\n<figure class=\"wp-block-embed is-type-wp-embed is-provider-la-cr-nica-de-soledad wp-block-embed-la-cr-nica-de-soledad\"><div class=\"wp-block-embed__wrapper\">\n<blockquote class=\"wp-embedded-content\" data-secret=\"PeOOPeIK1G\"><a href=\"https:\/\/cronicadesoledad.com\/index.php\/2024\/01\/15\/investigan-asesinato-de-policia-en-la-colonia-hogares-populares\/\">Investigan asesinato de polic\u00eda en la colonia Hogares Populares<\/a><\/blockquote><iframe loading=\"lazy\" class=\"wp-embedded-content\" sandbox=\"allow-scripts\" security=\"restricted\" style=\"position: absolute; clip: rect(1px, 1px, 1px, 1px);\" title=\"&#8220;Investigan asesinato de polic\u00eda en la colonia Hogares Populares&#8221; &#8212; La Cr\u00f3nica de Soledad\" src=\"https:\/\/cronicadesoledad.com\/index.php\/2024\/01\/15\/investigan-asesinato-de-policia-en-la-colonia-hogares-populares\/embed\/#?secret=0z24mBhMzy#?secret=PeOOPeIK1G\" data-secret=\"PeOOPeIK1G\" width=\"600\" height=\"338\" frameborder=\"0\" marginwidth=\"0\" marginheight=\"0\" scrolling=\"no\"><\/iframe>\n<\/div><\/figure>\n\n\n\n<p>El Comandante Capuchino ingres\u00f3 a la corporaci\u00f3n soledense el 3 de septiembre de 2007, luego de desempe\u00f1arse como Polic\u00eda Estatal y en las filas de la corporaci\u00f3n municipal capitalina; trabaj\u00f3 como comandante de turno de la Direcci\u00f3n de Fuerzas Municipales de Soledad donde logr\u00f3 numerosas detenciones de infractores de la ley. En la Direcci\u00f3n de Tr\u00e1nsito y Polic\u00eda Vial de Soledad se desempe\u00f1\u00f3 como jefe del \u00e1rea de motocicletas, \u00e1rea en la que apoyo y dirigi\u00f3 operativos para garantizar la seguridad del flujo vehicular y el resguardo de transe\u00fantes.<\/p>\n\n\n\n<p>Tambi\u00e9n ser\u00e1 recordado por su labor que realiz\u00f3 a\u00f1o con a\u00f1o llevando alegr\u00eda a ni\u00f1as y ni\u00f1os en la temporada decembrina, como uno de los policloses que recorr\u00edan el municipio, acto que desempe\u00f1\u00f3 con gran cari\u00f1o.<\/p>\n\n\n\n<p>A la ceremonia luctuosa acudi\u00f3 la Alcaldesa Leonor Noyola Cervantes, y el secretario General del Ayuntamiento, Ernesto Jes\u00fas Barajas \u00c1brego, quienes formaron parte de la guardia de honor encabezada por el titular de la corporaci\u00f3n municipal, comisario H\u00e9ctor Edgar Mar del \u00c1ngel; el Director de Fuerzas Municipales, Jorge Ram\u00edrez Leyva; el Director de Tr\u00e1nsito y Polic\u00eda Vial, Enrique L\u00f3pez Hurtado, a la que se sumaron.<\/p>\n\n\n\n<p>Luego de rendir un minuto de silencio, las y los agentes de la corporaci\u00f3n municipal llevaron a cabo el pase de lista donde se nombr\u00f3 al comandante y a una voz se escuch\u00f3 la palabra &#8220;presente&#8221; al escuchar Jaime Guadalupe Capuchino, para despu\u00e9s dedicar el exhorto bajo el lema de &#8220;Honor, Lealtad y Honradez&#8221;, que ahora tendr\u00e1 un nuevo sentimiento para en su memoria salir a servir a la poblaci\u00f3n, tal y como lo hizo en vida el oficial ca\u00eddo.<\/p>\n\n\n\n<p>El jefe policial, Mar del \u00c1ngel dedic\u00f3 unas palabras a familiares, amigos y compa\u00f1eros del oficial Jaime Guadalupe; asegur\u00f3 que su recuerdo impulsar\u00e1 a todos los y las oficiales de la corporaci\u00f3n a seguir su trabajo con la vocaci\u00f3n que ten\u00eda y que ahora los cuidar\u00e1 desde el cielo.<\/p>\n\n\n\n<p>&#8220;Hoy recordamos con afecto a nuestro hermano de sangre azul, y no lloramos como alguien que pierde la esperanza, sino con la certeza de que ahora tenemos un \u00e1ngel que nos acompa\u00f1a, gracias a nuestro hermano de armas por ense\u00f1arnos a trabajar con esfuerzo y dedicaci\u00f3n&#8221;, dijo el mando municipal.<\/p>\n\n\n\n<p>Mientras que la jefa de gobierno de Soledad, Leonor Noyola, tambi\u00e9n dio unas palabras a los deudos del oficial Jaime Capuchino, en el que resalt\u00f3 un agradecimiento por 16 a\u00f1os de entrega, &#8220;no tengo m\u00e1s que palabras de agradecimiento por su labor de m\u00e1s de 16 a\u00f1os con nosotros, siempre saliendo a servir con esfuerzo y dedicaci\u00f3n, sin duda dej\u00f3 un gran ejemplo en las filas de nuestra polic\u00eda, viva Jaime Guadalupe Capuchino&#8221;.<\/p>\n\n\n\n<p>Finalmente, se realiz\u00f3 un disparo de salva y se repiti\u00f3 un minuto de silencio para el compa\u00f1ero que por 16 a\u00f1os port\u00f3 con orgullo su uniforme e insignia, y que se desempe\u00f1\u00f3 de la mejor manera, tambi\u00e9n fue despedido por familiares, amigos y compa\u00f1eros de trabajo con los que colabor\u00f3 para mantener la tranquilidad de las familias en Soledad.<\/p>\n","protected":false},"excerpt":{"rendered":"<p>Seguridad P\u00fablica de Soledad de Graciano S\u00e1nchez y autoridades municipales rindieron homenaje p\u00f3stumo al oficial, Jaime Guadalupe Capuchino, quien, con 16 a\u00f1os de servicio y vocaci\u00f3n en la corporaci\u00f3n, perdiera la vida en el cumplimiento de su deber; titulares de la Direcci\u00f3n General; la Alcaldesa, Leonor Noyola Cervantes, gabinete legal, familiares y amigos dieron el [&hellip;]<\/p>\n","protected":false},"author":2,"featured_media":9104,"comment_status":"open","ping_status":"open","sticky":false,"template":"","format":"standard","meta":{"footnotes":""},"categories":[1,24,19,21],"tags":[81,369,223,1512,368,29,367,1537,1516,294,261,27],"class_list":{"0":"post-9103","1":"post","2":"type-post","3":"status-publish","4":"format-standard","5":"has-post-thumbnail","7":"category-destacadas","8":"category-informacion-general","9":"category-seguridad","10":"category-tu-soledad","11":"tag-alcaldesa-soledense","12":"tag-asesinato","13":"tag-ayuntamiento-soledense","14":"tag-homicidio","15":"tag-inseguridad","16":"tag-leonor-noyola","17":"tag-policia","18":"tag-policia-soledense","19":"tag-policiaca-2","20":"tag-san-luis","21":"tag-slp","22":"tag-soledad"},"_links":{"self":[{"href":"https:\/\/cronicadesoledad.com\/index.php\/wp-json\/wp\/v2\/posts\/9103","targetHints":{"allow":["GET"]}}],"collection":[{"href":"https:\/\/cronicadesoledad.com\/index.php\/wp-json\/wp\/v2\/posts"}],"about":[{"href":"https:\/\/cronicadesoledad.com\/index.php\/wp-json\/wp\/v2\/types\/post"}],"author":[{"embeddable":true,"href":"https:\/\/cronicadesoledad.com\/index.php\/wp-json\/wp\/v2\/users\/2"}],"replies":[{"embeddable":true,"href":"https:\/\/cronicadesoledad.com\/index.php\/wp-json\/wp\/v2\/comments?post=9103"}],"version-history":[{"count":1,"href":"https:\/\/cronicadesoledad.com\/index.php\/wp-json\/wp\/v2\/posts\/9103\/revisions"}],"predecessor-version":[{"id":9105,"href":"https:\/\/cronicadesoledad.com\/index.php\/wp-json\/wp\/v2\/posts\/9103\/revisions\/9105"}],"wp:featuredmedia":[{"embeddable":true,"href":"https:\/\/cronicadesoledad.com\/index.php\/wp-json\/wp\/v2\/media\/9104"}],"wp:attachment":[{"href":"https:\/\/cronicadesoledad.com\/index.php\/wp-json\/wp\/v2\/media?parent=9103"}],"wp:term":[{"taxonomy":"category","embeddable":true,"href":"https:\/\/cronicadesoledad.com\/index.php\/wp-json\/wp\/v2\/categories?post=9103"},{"taxonomy":"post_tag","embeddable":true,"href":"https:\/\/cronicadesoledad.com\/index.php\/wp-json\/wp\/v2\/tags?post=9103"}],"curies":[{"name":"wp","href":"https:\/\/api.w.org\/{rel}","templated":true}]}}