{"id":9139,"date":"2024-01-18T12:00:00","date_gmt":"2024-01-18T18:00:00","guid":{"rendered":"https:\/\/cronicadesoledad.com\/?p=9139"},"modified":"2024-01-17T12:44:54","modified_gmt":"2024-01-17T18:44:54","slug":"internan-de-manera-forzada-a-mujeres-en-hospital-psiquiatrico-de-edomex","status":"publish","type":"post","link":"https:\/\/cronicadesoledad.com\/index.php\/2024\/01\/18\/internan-de-manera-forzada-a-mujeres-en-hospital-psiquiatrico-de-edomex\/","title":{"rendered":"Internan de manera forzada a mujeres en hospital psiqui\u00e1trico de Edomex \u00a0"},"content":{"rendered":"\n<p class=\"has-text-align-right\">Por Paulina Vega&nbsp;<\/p>\n\n\n\n<p>El mi\u00e9rcoles 17 de enero, la Segunda Sala de la Suprema Corte de Justicia de la Naci\u00f3n (SCJN) resolver\u00e1 el caso sobre internamiento forzado de mujeres con discapacidad en el Hospital Psiqui\u00e1trico Adolfo M. Nieto en Tepexpan, Edomex.&nbsp;<\/p>\n\n\n\n<p>La coordinadora del programa Discapacidad y Justicia de la asociaci\u00f3n Documenta, Diana Sheinbaum junto el despacho Aguinaco Abogados, buscan que la SCJN revise el caso de estas mujeres y se determine si est\u00e1n de manera forzada para as\u00ed poder indemnizarlas y desinstitucionalizarlas en caso de que si sea el caso.&nbsp;<\/p>\n\n\n\n<p>Esta movilizaci\u00f3n legal la est\u00e1n realizando bajo la Ley de Amparo que establece: Cualquier persona que es testigo de la privaci\u00f3n de la libertad de alguien puede pedir a un juez que revise la situaci\u00f3n.<\/p>\n\n\n\n<p>Sheinbaum comenta que seg\u00fan est\u00e1ndares internacionales ninguna persona con discapacidad puede ser privada de la libertad por su condici\u00f3n. Desgraciadamente, en M\u00e9xico es com\u00fan que ocurran este tipo de casos.&nbsp;<\/p>\n\n\n\n<p>Tan solo en 2018, el Mecanismo Nacional de Prevenci\u00f3n de la Tortura (MNPT) registr\u00f3 que en al menos 20.51% de los hospitales que visit\u00f3 ese a\u00f1o se produc\u00edan internamientos involuntarios. Precisamente despu\u00e9s de una visita del MNPT al Hospital Psiqui\u00e1trico Adolfo M. Nieto donde document\u00f3 irregularidades en los formatos de consentimiento es que Documenta se interes\u00f3 en el caso y comenz\u00f3 esta movilizaci\u00f3n legal para la revisi\u00f3n con la SCJN.&nbsp;<\/p>\n\n\n\n<p>En un inicio, se llev\u00f3 el caso a las autoridades del Estado de M\u00e9xico, quienes le negaron la demanda a la directora de Documenta pues \u201cno estaba legitimada para hacer dicha exigencia\u201d, es por ello que la asociaci\u00f3n solicit\u00f3 que la SCJN atrajera el asunto.&nbsp;<\/p>\n\n\n\n<p>Esto podr\u00eda marcar un antes y un despu\u00e9s, significar\u00eda que una organizaci\u00f3n civil puede promover una demanda para defender a personas que est\u00e1n internadas en un hospital y abre nuevamente la discusi\u00f3n sobre si entra en el marco de la legalidad internar a la fuerza a personas con discapacidad.&nbsp;<\/p>\n\n\n\n<p>Sheinbaum mencion\u00f3 \u201cNo se trata de abrir las puertas de los hospitales y a ver qu\u00e9 pasa con las personas,&nbsp;se trata de permitirles que decidan d\u00f3nde quieren estar, y acompa\u00f1arlas para que puedan estar de la mejor forma posible,&nbsp;para que realmente puedan hacer efectivos los derechos que reconoce la Convenci\u00f3n de Derechos de Personas con Discapacidad, y ahora tambi\u00e9n la Ley General de Salud.\u201d<\/p>\n\n\n\n<p>En caso de que la Segunda Sala de la SCJN voten a favor del proyecto, la sentencia tendr\u00e1 que regresar al Juzgado de Distrito para analizar caso por caso y comprobar si las mujeres mencionadas est\u00e1n de manera forzada hospitalizadas, de ser as\u00ed, se deber\u00e1 ordenar su salida.&nbsp;<\/p>\n\n\n\n<p>Con informaci\u00f3n de Er\u00e9ndira Aquino, Animal Pol\u00edtico.&nbsp;<\/p>\n","protected":false},"excerpt":{"rendered":"<p>Por Paulina Vega&nbsp; El mi\u00e9rcoles 17 de enero, la Segunda Sala de la Suprema Corte de Justicia de la Naci\u00f3n (SCJN) resolver\u00e1 el caso sobre internamiento forzado de mujeres con discapacidad en el Hospital Psiqui\u00e1trico Adolfo M. Nieto en Tepexpan, Edomex.&nbsp; La coordinadora del programa Discapacidad y Justicia de la asociaci\u00f3n Documenta, Diana Sheinbaum junto [&hellip;]<\/p>\n","protected":false},"author":6,"featured_media":9140,"comment_status":"open","ping_status":"open","sticky":false,"template":"","format":"standard","meta":{"footnotes":""},"categories":[1,24],"tags":[285,1548,1550,719,287,1549],"class_list":{"0":"post-9139","1":"post","2":"type-post","3":"status-publish","4":"format-standard","5":"has-post-thumbnail","7":"category-destacadas","8":"category-informacion-general","9":"tag-derechos-humanos","10":"tag-edomex","11":"tag-hospital-psiquiatrico","12":"tag-mujeres-con-discapacidad","13":"tag-nacional","14":"tag-salud-mental"},"_links":{"self":[{"href":"https:\/\/cronicadesoledad.com\/index.php\/wp-json\/wp\/v2\/posts\/9139","targetHints":{"allow":["GET"]}}],"collection":[{"href":"https:\/\/cronicadesoledad.com\/index.php\/wp-json\/wp\/v2\/posts"}],"about":[{"href":"https:\/\/cronicadesoledad.com\/index.php\/wp-json\/wp\/v2\/types\/post"}],"author":[{"embeddable":true,"href":"https:\/\/cronicadesoledad.com\/index.php\/wp-json\/wp\/v2\/users\/6"}],"replies":[{"embeddable":true,"href":"https:\/\/cronicadesoledad.com\/index.php\/wp-json\/wp\/v2\/comments?post=9139"}],"version-history":[{"count":1,"href":"https:\/\/cronicadesoledad.com\/index.php\/wp-json\/wp\/v2\/posts\/9139\/revisions"}],"predecessor-version":[{"id":9141,"href":"https:\/\/cronicadesoledad.com\/index.php\/wp-json\/wp\/v2\/posts\/9139\/revisions\/9141"}],"wp:featuredmedia":[{"embeddable":true,"href":"https:\/\/cronicadesoledad.com\/index.php\/wp-json\/wp\/v2\/media\/9140"}],"wp:attachment":[{"href":"https:\/\/cronicadesoledad.com\/index.php\/wp-json\/wp\/v2\/media?parent=9139"}],"wp:term":[{"taxonomy":"category","embeddable":true,"href":"https:\/\/cronicadesoledad.com\/index.php\/wp-json\/wp\/v2\/categories?post=9139"},{"taxonomy":"post_tag","embeddable":true,"href":"https:\/\/cronicadesoledad.com\/index.php\/wp-json\/wp\/v2\/tags?post=9139"}],"curies":[{"name":"wp","href":"https:\/\/api.w.org\/{rel}","templated":true}]}}