{"id":9150,"date":"2024-01-17T20:00:00","date_gmt":"2024-01-18T02:00:00","guid":{"rendered":"https:\/\/cronicadesoledad.com\/?p=9150"},"modified":"2024-01-17T20:44:47","modified_gmt":"2024-01-18T02:44:47","slug":"intensifican-proteccion-a-personas-en-situacion-de-calle","status":"publish","type":"post","link":"https:\/\/cronicadesoledad.com\/index.php\/2024\/01\/17\/intensifican-proteccion-a-personas-en-situacion-de-calle\/","title":{"rendered":"Intensifican protecci\u00f3n a personas en situaci\u00f3n de calle"},"content":{"rendered":"\n<p>En aras de salvaguardar la integridad de personas en situaci\u00f3n de calle, la Coordinaci\u00f3n de Protecci\u00f3n Civil Municipal de Soledad de Graciano S\u00e1nchez, en estrecha colaboraci\u00f3n con el Sistema Municipal para el Desarrollo Integral de la Familia (SMDIF), ha intensificado el operativo de vigilancia nocturno en las calles y avenidas de la demarcaci\u00f3n ante el pron\u00f3stico del descenso de temperaturas.<\/p>\n\n\n\n<p>El Coordinador del \u00e1rea, Mart\u00edn Bravo Galicia reconoci\u00f3 que es prioridad de su \u00e1rea velar por la seguridad de las y los ciudadanos, llevando a cabo recorridos diarios para identificar a quienes necesitan resguardo en albergues. En este sentido, asegur\u00f3 que el dispositivo ha obtenido resultados positivos con el retiro reciente de cuatro personas que dorm\u00edan en v\u00eda p\u00fablica.<\/p>\n\n\n\n<p>Inform\u00f3 que, tras la detecci\u00f3n, dos personas aceptaron ser trasladadas a los resguardos, uno de ellos, fue llevado a la casa de retiro \u201cLa Aldea de los Abuelos\u201d, instituci\u00f3n con la que se cuenta con un convenio activo; y otro m\u00e1s al albergue del SMDIF ubicado en la colonia Las Flores, mientras que el resto opt\u00f3 por continuar su camino; como medida de apoyo, se les entreg\u00f3 una cobija y una despensa.<\/p>\n\n\n\n<p>El funcionario alert\u00f3 sobre las condiciones clim\u00e1ticas adversas pronosticadas para las pr\u00f3ximas 24 horas, con un marcado descenso de temperatura que podr\u00eda llegar a menos un grado cent\u00edgrado y rachas de viento de hasta 35 kil\u00f3metros por hora. En este contexto, se hace un llamado a la ciudadan\u00eda para mantenerse alerta y reportar cualquier persona en condici\u00f3n de calle a la Coordinaci\u00f3n Municipal al tel\u00e9fono 444 831-12-60.<\/p>\n\n\n\n<p>\u201cLa colaboraci\u00f3n de la comunidad es fundamental para garantizar la protecci\u00f3n de quienes m\u00e1s lo necesitan, por lo que se seguir\u00e1 trabajando en el monitoreo permanente de las calles y avenidas de la demarcaci\u00f3n a fin de detectar, trasladar y proteger a las y los ciudadanos que requieran de un lugar donde pasar la noche\u201d, reconoci\u00f3.<\/p>\n","protected":false},"excerpt":{"rendered":"<p>En aras de salvaguardar la integridad de personas en situaci\u00f3n de calle, la Coordinaci\u00f3n de Protecci\u00f3n Civil Municipal de Soledad de Graciano S\u00e1nchez, en estrecha colaboraci\u00f3n con el Sistema Municipal para el Desarrollo Integral de la Familia (SMDIF), ha intensificado el operativo de vigilancia nocturno en las calles y avenidas de la demarcaci\u00f3n ante el [&hellip;]<\/p>\n","protected":false},"author":2,"featured_media":9151,"comment_status":"open","ping_status":"open","sticky":false,"template":"","format":"standard","meta":{"footnotes":""},"categories":[24,19,21],"tags":[446,223,1558,1557,525,294,261,27],"class_list":{"0":"post-9150","1":"post","2":"type-post","3":"status-publish","4":"format-standard","5":"has-post-thumbnail","7":"category-informacion-general","8":"category-seguridad","9":"category-tu-soledad","10":"tag-apoyo","11":"tag-ayuntamiento-soledense","12":"tag-personas-en-situacion-de-calle","13":"tag-proteccion","14":"tag-proteccion-civil","15":"tag-san-luis","16":"tag-slp","17":"tag-soledad"},"_links":{"self":[{"href":"https:\/\/cronicadesoledad.com\/index.php\/wp-json\/wp\/v2\/posts\/9150","targetHints":{"allow":["GET"]}}],"collection":[{"href":"https:\/\/cronicadesoledad.com\/index.php\/wp-json\/wp\/v2\/posts"}],"about":[{"href":"https:\/\/cronicadesoledad.com\/index.php\/wp-json\/wp\/v2\/types\/post"}],"author":[{"embeddable":true,"href":"https:\/\/cronicadesoledad.com\/index.php\/wp-json\/wp\/v2\/users\/2"}],"replies":[{"embeddable":true,"href":"https:\/\/cronicadesoledad.com\/index.php\/wp-json\/wp\/v2\/comments?post=9150"}],"version-history":[{"count":1,"href":"https:\/\/cronicadesoledad.com\/index.php\/wp-json\/wp\/v2\/posts\/9150\/revisions"}],"predecessor-version":[{"id":9152,"href":"https:\/\/cronicadesoledad.com\/index.php\/wp-json\/wp\/v2\/posts\/9150\/revisions\/9152"}],"wp:featuredmedia":[{"embeddable":true,"href":"https:\/\/cronicadesoledad.com\/index.php\/wp-json\/wp\/v2\/media\/9151"}],"wp:attachment":[{"href":"https:\/\/cronicadesoledad.com\/index.php\/wp-json\/wp\/v2\/media?parent=9150"}],"wp:term":[{"taxonomy":"category","embeddable":true,"href":"https:\/\/cronicadesoledad.com\/index.php\/wp-json\/wp\/v2\/categories?post=9150"},{"taxonomy":"post_tag","embeddable":true,"href":"https:\/\/cronicadesoledad.com\/index.php\/wp-json\/wp\/v2\/tags?post=9150"}],"curies":[{"name":"wp","href":"https:\/\/api.w.org\/{rel}","templated":true}]}}