{"id":9182,"date":"2024-01-19T11:00:00","date_gmt":"2024-01-19T17:00:00","guid":{"rendered":"https:\/\/cronicadesoledad.com\/?p=9182"},"modified":"2024-01-18T11:38:39","modified_gmt":"2024-01-18T17:38:39","slug":"matrimonio-colectivos-en-valles-el-proximo-14-de-febrero","status":"publish","type":"post","link":"https:\/\/cronicadesoledad.com\/index.php\/2024\/01\/19\/matrimonio-colectivos-en-valles-el-proximo-14-de-febrero\/","title":{"rendered":"Matrimonio Colectivos en Valles el pr\u00f3ximo 14 de febrero"},"content":{"rendered":"\n<p>Ciudad Valles, S.L.P.- Si habr\u00e1 matrimonios colectivos este pr\u00f3ximo 14 de febrero, por ello se extendi\u00f3 una invitaci\u00f3n a las parejas que deseen casarse en esta fecha tan representativa.<\/p>\n\n\n\n<p>El alcalde David Armando Medina Salazar, invit\u00f3 a los vallenses a participar en los Matrimonios Colectivos 2024, una oportunidad para consolidar el amor y la uni\u00f3n familiar.<\/p>\n\n\n\n<p>Los requisitos para los contrayentes son, acta de nacimiento certificada, credencial de elector, comprobante de domicilio, certificado m\u00e9dico y resultados de an\u00e1lisis prenupciales, as\u00ed como dos testigos por cada contrayente con copia de credencial de elector.<\/p>\n\n\n\n<p>La recepci\u00f3n de documentos se recibir\u00e1 hasta el 12 de febrero; los interesados podr\u00e1n presentar sus documentos en la oficina del registro civil. Se invita a los contrayentes a acudir de lunes a viernes, de ocho de la ma\u00f1ana a tres de la tarde, para llenar la solicitud.<\/p>\n\n\n\n<p>La emotiva ceremonia colectiva se llevar\u00e1 a cabo el 14 de febrero a las doce del mediod\u00eda. El lugar exacto ser\u00e1 anunciado pr\u00f3ximamente.<\/p>\n\n\n\n<p>En caso de haber hijos procreados entre los contrayentes, se requiere la anexi\u00f3n de copia certificada del acta de nacimiento de los mismos.<\/p>\n\n\n\n<p>Con Informaci\u00f3n de C\u00f3digo San Luis. <\/p>\n","protected":false},"excerpt":{"rendered":"<p>Ciudad Valles, S.L.P.- Si habr\u00e1 matrimonios colectivos este pr\u00f3ximo 14 de febrero, por ello se extendi\u00f3 una invitaci\u00f3n a las parejas que deseen casarse en esta fecha tan representativa. El alcalde David Armando Medina Salazar, invit\u00f3 a los vallenses a participar en los Matrimonios Colectivos 2024, una oportunidad para consolidar el amor y la uni\u00f3n [&hellip;]<\/p>\n","protected":false},"author":6,"featured_media":9183,"comment_status":"open","ping_status":"open","sticky":false,"template":"","format":"standard","meta":{"footnotes":""},"categories":[30,1],"tags":[1535,808,1570,294,261,1268],"class_list":{"0":"post-9182","1":"post","2":"type-post","3":"status-publish","4":"format-standard","5":"has-post-thumbnail","7":"category-de-la-region-centro","8":"category-destacadas","9":"tag-14-de-febrero","10":"tag-ciudad-valles","11":"tag-matrimonios-colectivos","12":"tag-san-luis","13":"tag-slp","14":"tag-valles"},"_links":{"self":[{"href":"https:\/\/cronicadesoledad.com\/index.php\/wp-json\/wp\/v2\/posts\/9182","targetHints":{"allow":["GET"]}}],"collection":[{"href":"https:\/\/cronicadesoledad.com\/index.php\/wp-json\/wp\/v2\/posts"}],"about":[{"href":"https:\/\/cronicadesoledad.com\/index.php\/wp-json\/wp\/v2\/types\/post"}],"author":[{"embeddable":true,"href":"https:\/\/cronicadesoledad.com\/index.php\/wp-json\/wp\/v2\/users\/6"}],"replies":[{"embeddable":true,"href":"https:\/\/cronicadesoledad.com\/index.php\/wp-json\/wp\/v2\/comments?post=9182"}],"version-history":[{"count":1,"href":"https:\/\/cronicadesoledad.com\/index.php\/wp-json\/wp\/v2\/posts\/9182\/revisions"}],"predecessor-version":[{"id":9184,"href":"https:\/\/cronicadesoledad.com\/index.php\/wp-json\/wp\/v2\/posts\/9182\/revisions\/9184"}],"wp:featuredmedia":[{"embeddable":true,"href":"https:\/\/cronicadesoledad.com\/index.php\/wp-json\/wp\/v2\/media\/9183"}],"wp:attachment":[{"href":"https:\/\/cronicadesoledad.com\/index.php\/wp-json\/wp\/v2\/media?parent=9182"}],"wp:term":[{"taxonomy":"category","embeddable":true,"href":"https:\/\/cronicadesoledad.com\/index.php\/wp-json\/wp\/v2\/categories?post=9182"},{"taxonomy":"post_tag","embeddable":true,"href":"https:\/\/cronicadesoledad.com\/index.php\/wp-json\/wp\/v2\/tags?post=9182"}],"curies":[{"name":"wp","href":"https:\/\/api.w.org\/{rel}","templated":true}]}}