{"id":9201,"date":"2024-01-19T10:25:11","date_gmt":"2024-01-19T16:25:11","guid":{"rendered":"https:\/\/cronicadesoledad.com\/?p=9201"},"modified":"2024-01-19T10:25:46","modified_gmt":"2024-01-19T16:25:46","slug":"integrame-down-a-c-disfrutaron-de-van-gogh-dreams","status":"publish","type":"post","link":"https:\/\/cronicadesoledad.com\/index.php\/2024\/01\/19\/integrame-down-a-c-disfrutaron-de-van-gogh-dreams\/","title":{"rendered":"Int\u00e9grame Down A.C. disfrutaron de Van Gogh Dreams"},"content":{"rendered":"\n<p>El Gobierno de la Capital en coordinaci\u00f3n con Sensea Immersive y BMW Town invitaron este d\u00eda a chicas y chicos de la Asociaci\u00f3n Int\u00e9grame Down A.C., a disfrutar de la exposici\u00f3n Van Gogh Dreams, que se encuentra en el interior del Centro comercial Citadella, ubicado en Avenida Salvador Nava Mart\u00ednez.<\/p>\n\n\n\n<p>Treinta y cinco integrantes de la Asociaci\u00f3n pudieron disfrutar de la experiencia inmersiva que ofrece \u201cVan Gogh Dreams\u201d, acompa\u00f1ados de Estela Arriaga M\u00e1rquez, presidenta del Sistema DIF Municipal; Daniel Garc\u00eda \u00c1lvarez de La Llera, Director de Cultural Municipal y Ver\u00f3nica Gonz\u00e1lez Guti\u00e9rrez, directiva de la Int\u00e9grame Down, A.C.<\/p>\n\n\n<div class=\"wp-block-image\">\n<figure class=\"aligncenter size-large\"><img loading=\"lazy\" decoding=\"async\" width=\"1024\" height=\"683\" src=\"https:\/\/cronicadesoledad.com\/wp-content\/uploads\/2024\/01\/image-32-1024x683.png\" alt=\"\" class=\"wp-image-9202\" srcset=\"https:\/\/cronicadesoledad.com\/wp-content\/uploads\/2024\/01\/image-32-1024x683.png 1024w, https:\/\/cronicadesoledad.com\/wp-content\/uploads\/2024\/01\/image-32-300x200.png 300w, https:\/\/cronicadesoledad.com\/wp-content\/uploads\/2024\/01\/image-32-768x512.png 768w, https:\/\/cronicadesoledad.com\/wp-content\/uploads\/2024\/01\/image-32-1536x1024.png 1536w, https:\/\/cronicadesoledad.com\/wp-content\/uploads\/2024\/01\/image-32-696x464.png 696w, https:\/\/cronicadesoledad.com\/wp-content\/uploads\/2024\/01\/image-32-1068x712.png 1068w, https:\/\/cronicadesoledad.com\/wp-content\/uploads\/2024\/01\/image-32-1920x1280.png 1920w, https:\/\/cronicadesoledad.com\/wp-content\/uploads\/2024\/01\/image-32.png 2048w\" sizes=\"auto, (max-width: 1024px) 100vw, 1024px\" \/><\/figure>\n<\/div>\n\n\n<p>Los chicos recorrieron la exposici\u00f3n por m\u00e1s de una hora, pudiendo apreciar r\u00e9plicas en gran formato, impresiones en alta calidad de las obras m\u00e1s representativas obras, y vivir la experiencia de una proyecci\u00f3n inmersiva perimetral de 360 grados con sonido envolvente, en el que se conocieron los escenarios recreados en la obra de Vincent Van Gogh.<\/p>\n\n\n\n<p>El Ayuntamiento colabora con este esfuerzo art\u00edstico para que los potosinos puedan apreciar las obras del reconocido artista neerland\u00e9s mediante el uso de tecnolog\u00eda moderna, al igual que lo han hecho millones de personas en el mundo y m\u00e1s de 300,000 personas en toda la Rep\u00fablica Mexicana.<\/p>\n\n\n\n<p>Con informaci\u00f3n de C\u00f3digo San Luis. <\/p>\n","protected":false},"excerpt":{"rendered":"<p>El Gobierno de la Capital en coordinaci\u00f3n con Sensea Immersive y BMW Town invitaron este d\u00eda a chicas y chicos de la Asociaci\u00f3n Int\u00e9grame Down A.C., a disfrutar de la exposici\u00f3n Van Gogh Dreams, que se encuentra en el interior del Centro comercial Citadella, ubicado en Avenida Salvador Nava Mart\u00ednez. Treinta y cinco integrantes de [&hellip;]<\/p>\n","protected":false},"author":6,"featured_media":9203,"comment_status":"open","ping_status":"open","sticky":false,"template":"","format":"standard","meta":{"footnotes":""},"categories":[30,1],"tags":[1122,1578,294,261,1053],"class_list":{"0":"post-9201","1":"post","2":"type-post","3":"status-publish","4":"format-standard","5":"has-post-thumbnail","7":"category-de-la-region-centro","8":"category-destacadas","9":"tag-1122","10":"tag-integrame-down-a-c","11":"tag-san-luis","12":"tag-slp","13":"tag-van-gogh-dreams"},"_links":{"self":[{"href":"https:\/\/cronicadesoledad.com\/index.php\/wp-json\/wp\/v2\/posts\/9201","targetHints":{"allow":["GET"]}}],"collection":[{"href":"https:\/\/cronicadesoledad.com\/index.php\/wp-json\/wp\/v2\/posts"}],"about":[{"href":"https:\/\/cronicadesoledad.com\/index.php\/wp-json\/wp\/v2\/types\/post"}],"author":[{"embeddable":true,"href":"https:\/\/cronicadesoledad.com\/index.php\/wp-json\/wp\/v2\/users\/6"}],"replies":[{"embeddable":true,"href":"https:\/\/cronicadesoledad.com\/index.php\/wp-json\/wp\/v2\/comments?post=9201"}],"version-history":[{"count":1,"href":"https:\/\/cronicadesoledad.com\/index.php\/wp-json\/wp\/v2\/posts\/9201\/revisions"}],"predecessor-version":[{"id":9204,"href":"https:\/\/cronicadesoledad.com\/index.php\/wp-json\/wp\/v2\/posts\/9201\/revisions\/9204"}],"wp:featuredmedia":[{"embeddable":true,"href":"https:\/\/cronicadesoledad.com\/index.php\/wp-json\/wp\/v2\/media\/9203"}],"wp:attachment":[{"href":"https:\/\/cronicadesoledad.com\/index.php\/wp-json\/wp\/v2\/media?parent=9201"}],"wp:term":[{"taxonomy":"category","embeddable":true,"href":"https:\/\/cronicadesoledad.com\/index.php\/wp-json\/wp\/v2\/categories?post=9201"},{"taxonomy":"post_tag","embeddable":true,"href":"https:\/\/cronicadesoledad.com\/index.php\/wp-json\/wp\/v2\/tags?post=9201"}],"curies":[{"name":"wp","href":"https:\/\/api.w.org\/{rel}","templated":true}]}}