{"id":9239,"date":"2024-01-19T17:00:00","date_gmt":"2024-01-19T23:00:00","guid":{"rendered":"https:\/\/cronicadesoledad.com\/?p=9239"},"modified":"2024-01-19T18:47:03","modified_gmt":"2024-01-20T00:47:03","slug":"estado-y-ayuntamiento-brindan-apoyo-en-acceso-a-la-justicia","status":"publish","type":"post","link":"https:\/\/cronicadesoledad.com\/index.php\/2024\/01\/19\/estado-y-ayuntamiento-brindan-apoyo-en-acceso-a-la-justicia\/","title":{"rendered":"Estado y ayuntamiento brindan apoyo en acceso a la justicia"},"content":{"rendered":"\n<p>Alcanzando una cifra de 455 atenciones y orientaciones totalmente gratuitas a la ciudadan\u00eda, el m\u00f3dulo de la Defensor\u00eda P\u00fablica del Estado con sede en Soledad de Graciano S\u00e1nchez cerr\u00f3 el a\u00f1o 2023, en las cuales en su mayor\u00eda fueron relacionadas con asesor\u00edas legales, apoyos directos y canalizaciones en diversos \u00e1mbitos: derecho, familiar, civil, administrativo, penal y mercantil, todo con el fin de cubrir las necesidades jur\u00eddicas de la poblaci\u00f3n.<\/p>\n\n\n\n<p>De acuerdo a Gladys Rebeca V\u00e1zquez Rodr\u00edguez, titular de esta \u00e1rea, con la finalidad de garantizar el acceso a la justicia en coordinaci\u00f3n con \u00e1reas del Ayuntamiento, el 80 por ciento de los servicios prestados comprenden a la categor\u00eda de derecho familiar, lo que engloba principalmente casos de pensi\u00f3n alimenticia, disputas por guardia y custodia, as\u00ed como divorcios encausados y voluntarios, y a los cuales a todas y todos se les orient\u00f3 y se otorg\u00f3 el apoyo requerido.<\/p>\n\n\n\n<p>V\u00e1zquez Rodr\u00edguez explic\u00f3 que en un esfuerzo por garantizar el acceso a la justicia para la poblaci\u00f3n en general, aquellas y aquellos que resultan elegibles para representaci\u00f3n jur\u00eddica gratuita, son cuidadosamente documentados y remitidos a las oficinas centrales de la Defensor\u00eda Publica en el Estado, donde se les asigna un abogado para el debido acompa\u00f1amiento en todo el proceso.<\/p>\n\n\n\n<p>Destac\u00f3 el compromiso de la dependencia con habitantes del municipio, por ello se trabaja de la mano con la Unidad de Atenci\u00f3n de Violencia Intrafamiliar (UAVI) y el Sistema Municipal para el Desarrollo Integral de la Familia (DIF), los cuales canalizan los casos que requieren atenci\u00f3n legal especializada.<\/p>\n\n\n\n<p>Asimismo, resalt\u00f3 que, durante el \u00faltimo a\u00f1o, la Red de Apoyo \u201cA.M.O.R.\u201d, una iniciativa del Gobierno Municipal se convirti\u00f3 en un evento clave proporcionando m\u00faltiples servicios jur\u00eddicos, en donde estas jornadas demuestran la capacidad de respuesta del Ayuntamiento de Soledad ante situaciones que requieren un soporte legal inmediato y efectivo, evidenciando un gobierno cercano y sensible a las problem\u00e1ticas ciudadanas.<\/p>\n\n\n\n<p>Por \u00faltimo, la funcionaria hizo un llamado en\u00e9rgico a la comunidad de Soledad de Graciano S\u00e1nchez, exhortando a todas y todos aquellos con cuestiones legales pendientes a visitar las oficinas de la Defensor\u00eda, localizadas en la Unidad Administrativa en calle Mariano Matamoros #108, en donde un equipo especializado recibir\u00e1 la informaci\u00f3n necesaria, evaluar\u00e1 el potencial para la representaci\u00f3n y solicitar\u00e1 la documentaci\u00f3n requerida dependiendo del caso en concreto.<\/p>\n","protected":false},"excerpt":{"rendered":"<p>Alcanzando una cifra de 455 atenciones y orientaciones totalmente gratuitas a la ciudadan\u00eda, el m\u00f3dulo de la Defensor\u00eda P\u00fablica del Estado con sede en Soledad de Graciano S\u00e1nchez cerr\u00f3 el a\u00f1o 2023, en las cuales en su mayor\u00eda fueron relacionadas con asesor\u00edas legales, apoyos directos y canalizaciones en diversos \u00e1mbitos: derecho, familiar, civil, administrativo, penal [&hellip;]<\/p>\n","protected":false},"author":2,"featured_media":9240,"comment_status":"open","ping_status":"open","sticky":false,"template":"","format":"standard","meta":{"footnotes":""},"categories":[24,21],"tags":[223,1591,1590,294,261,27],"class_list":{"0":"post-9239","1":"post","2":"type-post","3":"status-publish","4":"format-standard","5":"has-post-thumbnail","7":"category-informacion-general","8":"category-tu-soledad","9":"tag-ayuntamiento-soledense","10":"tag-defensoria-publica","11":"tag-justicia","12":"tag-san-luis","13":"tag-slp","14":"tag-soledad"},"_links":{"self":[{"href":"https:\/\/cronicadesoledad.com\/index.php\/wp-json\/wp\/v2\/posts\/9239","targetHints":{"allow":["GET"]}}],"collection":[{"href":"https:\/\/cronicadesoledad.com\/index.php\/wp-json\/wp\/v2\/posts"}],"about":[{"href":"https:\/\/cronicadesoledad.com\/index.php\/wp-json\/wp\/v2\/types\/post"}],"author":[{"embeddable":true,"href":"https:\/\/cronicadesoledad.com\/index.php\/wp-json\/wp\/v2\/users\/2"}],"replies":[{"embeddable":true,"href":"https:\/\/cronicadesoledad.com\/index.php\/wp-json\/wp\/v2\/comments?post=9239"}],"version-history":[{"count":1,"href":"https:\/\/cronicadesoledad.com\/index.php\/wp-json\/wp\/v2\/posts\/9239\/revisions"}],"predecessor-version":[{"id":9241,"href":"https:\/\/cronicadesoledad.com\/index.php\/wp-json\/wp\/v2\/posts\/9239\/revisions\/9241"}],"wp:featuredmedia":[{"embeddable":true,"href":"https:\/\/cronicadesoledad.com\/index.php\/wp-json\/wp\/v2\/media\/9240"}],"wp:attachment":[{"href":"https:\/\/cronicadesoledad.com\/index.php\/wp-json\/wp\/v2\/media?parent=9239"}],"wp:term":[{"taxonomy":"category","embeddable":true,"href":"https:\/\/cronicadesoledad.com\/index.php\/wp-json\/wp\/v2\/categories?post=9239"},{"taxonomy":"post_tag","embeddable":true,"href":"https:\/\/cronicadesoledad.com\/index.php\/wp-json\/wp\/v2\/tags?post=9239"}],"curies":[{"name":"wp","href":"https:\/\/api.w.org\/{rel}","templated":true}]}}