{"id":9245,"date":"2024-01-19T19:00:00","date_gmt":"2024-01-20T01:00:00","guid":{"rendered":"https:\/\/cronicadesoledad.com\/?p=9245"},"modified":"2024-01-19T18:51:43","modified_gmt":"2024-01-20T00:51:43","slug":"presentaron-la-novena-edicion-de-la-carrera-atletica-de-la-enchilada","status":"publish","type":"post","link":"https:\/\/cronicadesoledad.com\/index.php\/2024\/01\/19\/presentaron-la-novena-edicion-de-la-carrera-atletica-de-la-enchilada\/","title":{"rendered":"Presentaron la novena edici\u00f3n de la Carrera Atl\u00e9tica de la Enchilada"},"content":{"rendered":"\n<p>Con una bolsa a repartir en premios en efectivo y en especie de m\u00e1s de 300 mil pesos, el Ayuntamiento de Soledad de Graciano S\u00e1nchez inici\u00f3 las inscripciones a la novena edici\u00f3n de la Carrera Atl\u00e9tica de la Enchilada, la cual se realizar\u00e1 el pr\u00f3ximo 24 de marzo, como parte de las actividades complementarias de la Feria Nacional de la Enchilada (FENAE) 2024, detalles que se dieron a conocer en rueda de prensa, encabezada por la Alcaldesa, Leonor Noyola Cervantes.<\/p>\n\n\n\n<p>Ser\u00e1 el pr\u00f3ximo 24 de marzo a las 8 de la ma\u00f1ana cuando se lleve a cabo esta justa deportiva, de las m\u00e1s atractivas del Estado potosino, en la cual se correr\u00e1 la de 10 kil\u00f3metros y una Carrera Recreativa de Convivencia Familiar 3 kil\u00f3metros; tendr\u00e1 como punto de partida y meta el exterior de Palacio Municipal, inform\u00f3 el coordinador de Deportes, Hugo Esquivel Montoya, quien mencion\u00f3 que este evento promover\u00e1 el sano esparcimiento, la actividad f\u00edsica entre la ciudadan\u00eda y la uni\u00f3n familiar y convivencia.<\/p>\n\n\n\n<p>La Alcaldesa, Leonor Noyola Cervantes invit\u00f3 a la poblaci\u00f3n en general a ser parte del evento deportivo del a\u00f1o que dar\u00e1 vida a la FENAE 2024; indic\u00f3 que durante la justa las y los competidores mostrar\u00e1n su tenacidad al recorrer las principales calles y avenidas del municipio, y record\u00f3 que el costo de inscripci\u00f3n permanecer\u00e1 en 200 pesos.<\/p>\n\n\n\n<p>Reconocida como una de las carreras de mejor premiaci\u00f3n en el Estado; la novena edici\u00f3n de la Carrera Atl\u00e9tica de la Enchilada tendr\u00e1 m\u00faltiples categor\u00edas, como son 10K general y silla de ruedas, varonil y femenil; premiaci\u00f3n especial, Carrera de Convivencia 3K y reconocimientos a los mejores corredores locales por categor\u00eda, agreg\u00f3 la edil.<\/p>\n\n\n\n<p>Los puntos de inscripci\u00f3n son: Palacio Municipal, Coordinaci\u00f3n de Deportes y CEDETAR &#8220;Plan de San Luis&#8221; de lunes a viernes de 8 de la ma\u00f1ana a 8 de la noche; y puntos asignados por la empresa &#8220;Tu Tiempo a Tiempo&#8221;. La entrega de paquetes se realizar\u00e1 el s\u00e1bado 23 de marzo de 10:00 a 16:00 horas en el Auditorio Municipal de Soledad de Graciano S\u00e1nchez.<\/p>\n","protected":false},"excerpt":{"rendered":"<p>Con una bolsa a repartir en premios en efectivo y en especie de m\u00e1s de 300 mil pesos, el Ayuntamiento de Soledad de Graciano S\u00e1nchez inici\u00f3 las inscripciones a la novena edici\u00f3n de la Carrera Atl\u00e9tica de la Enchilada, la cual se realizar\u00e1 el pr\u00f3ximo 24 de marzo, como parte de las actividades complementarias de [&hellip;]<\/p>\n","protected":false},"author":2,"featured_media":9246,"comment_status":"open","ping_status":"open","sticky":false,"template":"","format":"standard","meta":{"footnotes":""},"categories":[20,24,21],"tags":[1122,81,1593,223,500,1594,1596,321,271,1473,1595,29,294,261,27],"class_list":{"0":"post-9245","1":"post","2":"type-post","3":"status-publish","4":"format-standard","5":"has-post-thumbnail","7":"category-cronica-deportiva","8":"category-informacion-general","9":"category-tu-soledad","10":"tag-1122","11":"tag-alcaldesa-soledense","12":"tag-atletica","13":"tag-ayuntamiento-soledense","14":"tag-carrera","15":"tag-carrera-atletica","16":"tag-carrera-atletica-de-la-enchilada","17":"tag-cronica-deportiva","18":"tag-deporte","19":"tag-fenae-2024","20":"tag-feria-de-la-enchilada","21":"tag-leonor-noyola","22":"tag-san-luis","23":"tag-slp","24":"tag-soledad"},"_links":{"self":[{"href":"https:\/\/cronicadesoledad.com\/index.php\/wp-json\/wp\/v2\/posts\/9245","targetHints":{"allow":["GET"]}}],"collection":[{"href":"https:\/\/cronicadesoledad.com\/index.php\/wp-json\/wp\/v2\/posts"}],"about":[{"href":"https:\/\/cronicadesoledad.com\/index.php\/wp-json\/wp\/v2\/types\/post"}],"author":[{"embeddable":true,"href":"https:\/\/cronicadesoledad.com\/index.php\/wp-json\/wp\/v2\/users\/2"}],"replies":[{"embeddable":true,"href":"https:\/\/cronicadesoledad.com\/index.php\/wp-json\/wp\/v2\/comments?post=9245"}],"version-history":[{"count":1,"href":"https:\/\/cronicadesoledad.com\/index.php\/wp-json\/wp\/v2\/posts\/9245\/revisions"}],"predecessor-version":[{"id":9247,"href":"https:\/\/cronicadesoledad.com\/index.php\/wp-json\/wp\/v2\/posts\/9245\/revisions\/9247"}],"wp:featuredmedia":[{"embeddable":true,"href":"https:\/\/cronicadesoledad.com\/index.php\/wp-json\/wp\/v2\/media\/9246"}],"wp:attachment":[{"href":"https:\/\/cronicadesoledad.com\/index.php\/wp-json\/wp\/v2\/media?parent=9245"}],"wp:term":[{"taxonomy":"category","embeddable":true,"href":"https:\/\/cronicadesoledad.com\/index.php\/wp-json\/wp\/v2\/categories?post=9245"},{"taxonomy":"post_tag","embeddable":true,"href":"https:\/\/cronicadesoledad.com\/index.php\/wp-json\/wp\/v2\/tags?post=9245"}],"curies":[{"name":"wp","href":"https:\/\/api.w.org\/{rel}","templated":true}]}}