{"id":9277,"date":"2024-01-22T18:00:00","date_gmt":"2024-01-23T00:00:00","guid":{"rendered":"https:\/\/cronicadesoledad.com\/?p=9277"},"modified":"2024-01-22T20:12:24","modified_gmt":"2024-01-23T02:12:24","slug":"encabeza-la-alcaldesa-pase-de-lista-y-revista-a-seguridad-municipal","status":"publish","type":"post","link":"https:\/\/cronicadesoledad.com\/index.php\/2024\/01\/22\/encabeza-la-alcaldesa-pase-de-lista-y-revista-a-seguridad-municipal\/","title":{"rendered":"Encabeza la alcaldesa pase de lista y revista a seguridad municipal"},"content":{"rendered":"\n<p>Con la intenci\u00f3n de mantener y reforzar los est\u00e1ndares que se requieren para servir de manera integral a la ciudadan\u00eda, la Alcaldesa de Soledad de Graciano S\u00e1nchez, Leonor Noyola Cervantes, llev\u00f3 a cabo un pase de lista y revista en Seguridad P\u00fablica Municipal, en donde revis\u00f3 el trabajo y labor que desempe\u00f1an cada uno de las y los agentes que componen la corporaci\u00f3n, su desempe\u00f1o dentro y fuera de la comandancia central, as\u00ed como las unidades oficiales e hizo entrega de tocados.<\/p>\n\n\n\n<p>Acompa\u00f1ada del Secretario General del Ayuntamiento, Ernesto Jes\u00fas Barajas \u00c1brego, el Oficial Mayor, Alejandro Serrano Cort\u00e9s, y la Contralora Interna, Mariana S\u00e1nchez Mart\u00ednez; la Presidenta Municipal fue recibida por el Director General de la corporaci\u00f3n, comisario H\u00e9ctor \u00c9dgar Mar del \u00c1ngel, y los Directores de Fuerzas Municipales y Tr\u00e1nsito, comandante Jorge Ram\u00edrez Leyva y el coronel en retiro Enrique L\u00f3pez Hurtado.<\/p>\n\n\n\n<p>En primer lugar, se formaron cada uno de los agentes adscritos a Seguridad P\u00fablica junto con el personal administrativo, para despu\u00e9s llamar a cada uno de los comandantes y responsables de turno que dieron un informe detallado de su sector y novedades de las \u00faltimas 24 horas.<\/p>\n\n\n\n<p>Posteriormente se revis\u00f3 toda la flotilla vehicular de la dependencia, tanto de Fuerzas Municipales como de Tr\u00e1nsito y Polic\u00eda Vial, adem\u00e1s del \u00e1rea de Peritos y Proximidad Social, de quienes los que esperaban turno para salir y las que se dirig\u00edan a su sector, esto con la finalidad de evaluar el funcionamiento, descartar da\u00f1os y determinar que hac\u00eda falta para que los veh\u00edculos cumplan con su utilidad.<\/p>\n\n\n\n<p>Finalmente, se llevaron a cabo honores a la bandera encabezados por la Alcaldesa, tambi\u00e9n se rindi\u00f3 el exhorto de la corporaci\u00f3n municipal bajo el lema de &#8220;Honor, Lealtad y Honradez&#8221;, para concluir con entrega de tocados e indumentaria b\u00e1sica, esto como incentivos para que porten con orgullo el uniforme y salgan a trabajar en favor de las familias soledenses.<\/p>\n","protected":false},"excerpt":{"rendered":"<p>Con la intenci\u00f3n de mantener y reforzar los est\u00e1ndares que se requieren para servir de manera integral a la ciudadan\u00eda, la Alcaldesa de Soledad de Graciano S\u00e1nchez, Leonor Noyola Cervantes, llev\u00f3 a cabo un pase de lista y revista en Seguridad P\u00fablica Municipal, en donde revis\u00f3 el trabajo y labor que desempe\u00f1an cada uno de [&hellip;]<\/p>\n","protected":false},"author":2,"featured_media":9278,"comment_status":"open","ping_status":"open","sticky":false,"template":"","format":"standard","meta":{"footnotes":""},"categories":[24,19,21],"tags":[81,223,29,1603,294,276,899,261,27],"class_list":{"0":"post-9277","1":"post","2":"type-post","3":"status-publish","4":"format-standard","5":"has-post-thumbnail","7":"category-informacion-general","8":"category-seguridad","9":"category-tu-soledad","10":"tag-alcaldesa-soledense","11":"tag-ayuntamiento-soledense","12":"tag-leonor-noyola","13":"tag-pase-de-lista-y-revista","14":"tag-san-luis","15":"tag-seguridad","16":"tag-seguridad-publica-municipal","17":"tag-slp","18":"tag-soledad"},"_links":{"self":[{"href":"https:\/\/cronicadesoledad.com\/index.php\/wp-json\/wp\/v2\/posts\/9277","targetHints":{"allow":["GET"]}}],"collection":[{"href":"https:\/\/cronicadesoledad.com\/index.php\/wp-json\/wp\/v2\/posts"}],"about":[{"href":"https:\/\/cronicadesoledad.com\/index.php\/wp-json\/wp\/v2\/types\/post"}],"author":[{"embeddable":true,"href":"https:\/\/cronicadesoledad.com\/index.php\/wp-json\/wp\/v2\/users\/2"}],"replies":[{"embeddable":true,"href":"https:\/\/cronicadesoledad.com\/index.php\/wp-json\/wp\/v2\/comments?post=9277"}],"version-history":[{"count":1,"href":"https:\/\/cronicadesoledad.com\/index.php\/wp-json\/wp\/v2\/posts\/9277\/revisions"}],"predecessor-version":[{"id":9279,"href":"https:\/\/cronicadesoledad.com\/index.php\/wp-json\/wp\/v2\/posts\/9277\/revisions\/9279"}],"wp:featuredmedia":[{"embeddable":true,"href":"https:\/\/cronicadesoledad.com\/index.php\/wp-json\/wp\/v2\/media\/9278"}],"wp:attachment":[{"href":"https:\/\/cronicadesoledad.com\/index.php\/wp-json\/wp\/v2\/media?parent=9277"}],"wp:term":[{"taxonomy":"category","embeddable":true,"href":"https:\/\/cronicadesoledad.com\/index.php\/wp-json\/wp\/v2\/categories?post=9277"},{"taxonomy":"post_tag","embeddable":true,"href":"https:\/\/cronicadesoledad.com\/index.php\/wp-json\/wp\/v2\/tags?post=9277"}],"curies":[{"name":"wp","href":"https:\/\/api.w.org\/{rel}","templated":true}]}}