{"id":9283,"date":"2024-01-22T20:00:00","date_gmt":"2024-01-23T02:00:00","guid":{"rendered":"https:\/\/cronicadesoledad.com\/?p=9283"},"modified":"2024-01-22T20:19:33","modified_gmt":"2024-01-23T02:19:33","slug":"intensifican-revision-a-empresas-y-centros-de-servicios","status":"publish","type":"post","link":"https:\/\/cronicadesoledad.com\/index.php\/2024\/01\/22\/intensifican-revision-a-empresas-y-centros-de-servicios\/","title":{"rendered":"Intensifican revisi\u00f3n a empresas y centros de servicios"},"content":{"rendered":"\n<p>En un esfuerzo por fortalecer la seguridad laboral en centros con actividad comercial, la Coordinaci\u00f3n Municipal de Protecci\u00f3n Civil de Soledad de Graciano S\u00e1nchez ha intensificado inspecciones a empresas, comercios y centros de servicios, logrando hasta 15 de \u00e9stas en un d\u00eda, a trav\u00e9s de una cuadrilla de personal para afianzar la prevenci\u00f3n de riesgos y la correcta operaci\u00f3n de estos, inform\u00f3 Martin Bravo Galicia, responsable del \u00e1rea.<\/p>\n\n\n\n<p>El funcionario destac\u00f3 el proceso de inspecci\u00f3n que se lleva a cabo en cada uno de los centros corroborando que se cuente con un esquema preestablecido para enfrentar posibles contingencias, que incluya desde la se\u00f1alizaci\u00f3n de rutas de salidas de emergencia, hasta la correcta formaci\u00f3n de las y los trabajadores para actuar en caso de una contingencia.<\/p>\n\n\n\n<p>Asimismo, explic\u00f3 que se pone especial atenci\u00f3n en verificar las condiciones de las instalaciones el\u00e9ctricas y de gas, especialmente en negocios gastron\u00f3micos; adem\u00e1s se revisa detalladamente las condiciones estructurales de los edificios con el fin de prevenir posibles problemas en un futuro.<\/p>\n\n\n\n<p>Galicia indic\u00f3 que se les realiza la respectiva revisi\u00f3n a empresas han estado al corriente con sus dict\u00e1menes correspondientes al a\u00f1o 2024, lo que ha llevado a la Coordinaci\u00f3n a organizar entre 12 y 15 inspecciones diarias, poniendo \u00e9nfasis tambi\u00e9n en la una buena capacitaci\u00f3n del personal para el manejo de equipos de emergencia como los extintores<\/p>\n\n\n\n<p>Por \u00faltimo, asegur\u00f3 que el balance del 2023 muestra que, aunque algunos establecimientos a\u00fan est\u00e1n regularizando su situaci\u00f3n, hay un inter\u00e9s creciente por parte de peque\u00f1as empresas en acatar las normativas, por ello extendi\u00f3 una invitaci\u00f3n a las y los propietarios a cumplir con los protocolos necesarios.<\/p>\n","protected":false},"excerpt":{"rendered":"<p>En un esfuerzo por fortalecer la seguridad laboral en centros con actividad comercial, la Coordinaci\u00f3n Municipal de Protecci\u00f3n Civil de Soledad de Graciano S\u00e1nchez ha intensificado inspecciones a empresas, comercios y centros de servicios, logrando hasta 15 de \u00e9stas en un d\u00eda, a trav\u00e9s de una cuadrilla de personal para afianzar la prevenci\u00f3n de riesgos [&hellip;]<\/p>\n","protected":false},"author":2,"featured_media":9284,"comment_status":"open","ping_status":"open","sticky":false,"template":"","format":"standard","meta":{"footnotes":""},"categories":[24,21],"tags":[81,223,749,1606,29,525,294,261,27],"class_list":{"0":"post-9283","1":"post","2":"type-post","3":"status-publish","4":"format-standard","5":"has-post-thumbnail","7":"category-informacion-general","8":"category-tu-soledad","9":"tag-alcaldesa-soledense","10":"tag-ayuntamiento-soledense","11":"tag-comercios","12":"tag-empresas","13":"tag-leonor-noyola","14":"tag-proteccion-civil","15":"tag-san-luis","16":"tag-slp","17":"tag-soledad"},"_links":{"self":[{"href":"https:\/\/cronicadesoledad.com\/index.php\/wp-json\/wp\/v2\/posts\/9283","targetHints":{"allow":["GET"]}}],"collection":[{"href":"https:\/\/cronicadesoledad.com\/index.php\/wp-json\/wp\/v2\/posts"}],"about":[{"href":"https:\/\/cronicadesoledad.com\/index.php\/wp-json\/wp\/v2\/types\/post"}],"author":[{"embeddable":true,"href":"https:\/\/cronicadesoledad.com\/index.php\/wp-json\/wp\/v2\/users\/2"}],"replies":[{"embeddable":true,"href":"https:\/\/cronicadesoledad.com\/index.php\/wp-json\/wp\/v2\/comments?post=9283"}],"version-history":[{"count":1,"href":"https:\/\/cronicadesoledad.com\/index.php\/wp-json\/wp\/v2\/posts\/9283\/revisions"}],"predecessor-version":[{"id":9285,"href":"https:\/\/cronicadesoledad.com\/index.php\/wp-json\/wp\/v2\/posts\/9283\/revisions\/9285"}],"wp:featuredmedia":[{"embeddable":true,"href":"https:\/\/cronicadesoledad.com\/index.php\/wp-json\/wp\/v2\/media\/9284"}],"wp:attachment":[{"href":"https:\/\/cronicadesoledad.com\/index.php\/wp-json\/wp\/v2\/media?parent=9283"}],"wp:term":[{"taxonomy":"category","embeddable":true,"href":"https:\/\/cronicadesoledad.com\/index.php\/wp-json\/wp\/v2\/categories?post=9283"},{"taxonomy":"post_tag","embeddable":true,"href":"https:\/\/cronicadesoledad.com\/index.php\/wp-json\/wp\/v2\/tags?post=9283"}],"curies":[{"name":"wp","href":"https:\/\/api.w.org\/{rel}","templated":true}]}}