{"id":9349,"date":"2024-01-24T13:00:00","date_gmt":"2024-01-24T19:00:00","guid":{"rendered":"https:\/\/cronicadesoledad.com\/?p=9349"},"modified":"2024-01-24T12:05:15","modified_gmt":"2024-01-24T18:05:15","slug":"rodrigo-prieto-el-mexicano-nominado-al-oscar","status":"publish","type":"post","link":"https:\/\/cronicadesoledad.com\/index.php\/2024\/01\/24\/rodrigo-prieto-el-mexicano-nominado-al-oscar\/","title":{"rendered":"Rodrigo Prieto el mexicano nominado al Oscar"},"content":{"rendered":"\n<p>Este martes 23 de enero, se dio a conocer la lista completa de nominados a los Oscar 2024, y entre ellos se descaca la aparici\u00f3n del mexicano Rodrigo Prieto, un fot\u00f3grafo que recibi\u00f3 su cuarta nominaci\u00f3n a los premios m\u00e1s conocidos del cine.<\/p>\n\n\n\n<p>Pedro comparti\u00f3 en entrevista para Mar\u00eda Luisa Vald\u00e9s, que recibi\u00f3 la noticia de su nominaci\u00f3n junto a su esposa, adem\u00e1s se\u00f1al\u00f3 que tras recibir la noticia sigue enfocado en sus proyectos, como es el caso de Pedro P\u00e1ramo, cinta que tiene tentativa fecha de estreno para octubre de este a\u00f1o.<\/p>\n\n\n\n<p>\u201cEs muy especial, muy bonito.&nbsp;A empezar a disfrutar, a celebrar, seguir chambeando que el trabajo sigue\u201d, dijo el fot\u00f3grafo.<\/p>\n\n\n\n<p><strong>\u00bfCu\u00e1ndo son los premios Oscar?&nbsp;<\/strong><\/p>\n\n\n\n<p>Los Premios Oscar 2024 se realizar\u00e1n el pr\u00f3ximo 10 de marzo en el Dolby Theatre de Hollywood, ubicado en Los \u00c1ngeles, California, Estados Unidos.<\/p>\n\n\n\n<p>Con esta nominaci\u00f3n, Pedro Prieto logr\u00f3 por cuarta vez la candidatura al \u00d3scar.&nbsp;Anteriormente hab\u00eda sido nominado por Brokeback Mountain, Silence y The Irishman, estas dos \u00faltimas tambi\u00e9n dirigidas por \u00e9l.<\/p>\n\n\n\n<p>Pedr\u00f3 logr\u00f3 la nomina a mejor fotograf\u00eda por Killers of the Flower Moon, tuvo como reto retratar a una comunidad del pueblo originario de Oklahoma en la d\u00e9cada de 1920.<\/p>\n\n\n<div class=\"wp-block-image\">\n<figure class=\"aligncenter size-large\"><img loading=\"lazy\" decoding=\"async\" width=\"1024\" height=\"683\" src=\"https:\/\/cronicadesoledad.com\/wp-content\/uploads\/2024\/01\/image-40-1024x683.png\" alt=\"\" class=\"wp-image-9350\" srcset=\"https:\/\/cronicadesoledad.com\/wp-content\/uploads\/2024\/01\/image-40-1024x683.png 1024w, https:\/\/cronicadesoledad.com\/wp-content\/uploads\/2024\/01\/image-40-300x200.png 300w, https:\/\/cronicadesoledad.com\/wp-content\/uploads\/2024\/01\/image-40-768x512.png 768w, https:\/\/cronicadesoledad.com\/wp-content\/uploads\/2024\/01\/image-40-1536x1024.png 1536w, https:\/\/cronicadesoledad.com\/wp-content\/uploads\/2024\/01\/image-40-2048x1365.png 2048w, https:\/\/cronicadesoledad.com\/wp-content\/uploads\/2024\/01\/image-40-696x464.png 696w, https:\/\/cronicadesoledad.com\/wp-content\/uploads\/2024\/01\/image-40-1068x712.png 1068w, https:\/\/cronicadesoledad.com\/wp-content\/uploads\/2024\/01\/image-40-1920x1280.png 1920w\" sizes=\"auto, (max-width: 1024px) 100vw, 1024px\" \/><\/figure>\n<\/div>\n\n\n<p>Rodrigo Prieto naci\u00f3 el 23 de noviembre de 1965 en Ciudad de M\u00e9xico.&nbsp;De acuerdo con IMDb, el mexicano tiene alrededor de 80 cr\u00e9ditos por direcci\u00f3n, fotograf\u00eda y c\u00e1mara, reparto, guion y m\u00e1s.<\/p>\n\n\n\n<p>Prieto ha trabajado en pel\u00edculas como \u00abEl lobo de Wall Street\u00bb (2013), \u00abBabel\u00bb (2006) y \u00abBiutiful\u00bb de Alejandro Gonz\u00e1lez I\u00f1\u00e1rritu, y \u00abLos abrazos rotos\u00bb de Pedro Almod\u00f3var.&nbsp;Tambi\u00e9n ha colaborado en la cinematograf\u00eda de cinco pel\u00edculas nominadas al Oscar a Mejor Pel\u00edcula, incluyendo \u00abEn terreno vedado\u00bb (2005), \u00abArgo\u00bb (2012) y \u00abEl irland\u00e9s\u00bb (2019).<\/p>\n\n\n\n<p>Prieto incursion\u00f3 como director en 2013 con el cortometraje \u00abLikeness\u00bb y luego present\u00f3 otro cortometraje titulado \u00abR&amp;R\u00bb seis a\u00f1os despu\u00e9s.<\/p>\n\n\n\n<p>Con informaci\u00f3n de C\u00f3digo San Luis. <\/p>\n","protected":false},"excerpt":{"rendered":"<p>Este martes 23 de enero, se dio a conocer la lista completa de nominados a los Oscar 2024, y entre ellos se descaca la aparici\u00f3n del mexicano Rodrigo Prieto, un fot\u00f3grafo que recibi\u00f3 su cuarta nominaci\u00f3n a los premios m\u00e1s conocidos del cine. Pedro comparti\u00f3 en entrevista para Mar\u00eda Luisa Vald\u00e9s, que recibi\u00f3 la noticia [&hellip;]<\/p>\n","protected":false},"author":6,"featured_media":9351,"comment_status":"open","ping_status":"open","sticky":false,"template":"","format":"standard","meta":{"footnotes":""},"categories":[1,24],"tags":[312,414,288,287,1056,1628],"class_list":{"0":"post-9349","1":"post","2":"type-post","3":"status-publish","4":"format-standard","5":"has-post-thumbnail","7":"category-destacadas","8":"category-informacion-general","9":"tag-cine","10":"tag-espectaculos","11":"tag-internacional","12":"tag-nacional","13":"tag-premios-oscar-2024","14":"tag-rodrigo-prieto"},"_links":{"self":[{"href":"https:\/\/cronicadesoledad.com\/index.php\/wp-json\/wp\/v2\/posts\/9349","targetHints":{"allow":["GET"]}}],"collection":[{"href":"https:\/\/cronicadesoledad.com\/index.php\/wp-json\/wp\/v2\/posts"}],"about":[{"href":"https:\/\/cronicadesoledad.com\/index.php\/wp-json\/wp\/v2\/types\/post"}],"author":[{"embeddable":true,"href":"https:\/\/cronicadesoledad.com\/index.php\/wp-json\/wp\/v2\/users\/6"}],"replies":[{"embeddable":true,"href":"https:\/\/cronicadesoledad.com\/index.php\/wp-json\/wp\/v2\/comments?post=9349"}],"version-history":[{"count":1,"href":"https:\/\/cronicadesoledad.com\/index.php\/wp-json\/wp\/v2\/posts\/9349\/revisions"}],"predecessor-version":[{"id":9352,"href":"https:\/\/cronicadesoledad.com\/index.php\/wp-json\/wp\/v2\/posts\/9349\/revisions\/9352"}],"wp:featuredmedia":[{"embeddable":true,"href":"https:\/\/cronicadesoledad.com\/index.php\/wp-json\/wp\/v2\/media\/9351"}],"wp:attachment":[{"href":"https:\/\/cronicadesoledad.com\/index.php\/wp-json\/wp\/v2\/media?parent=9349"}],"wp:term":[{"taxonomy":"category","embeddable":true,"href":"https:\/\/cronicadesoledad.com\/index.php\/wp-json\/wp\/v2\/categories?post=9349"},{"taxonomy":"post_tag","embeddable":true,"href":"https:\/\/cronicadesoledad.com\/index.php\/wp-json\/wp\/v2\/tags?post=9349"}],"curies":[{"name":"wp","href":"https:\/\/api.w.org\/{rel}","templated":true}]}}