{"id":9432,"date":"2024-01-27T12:30:00","date_gmt":"2024-01-27T18:30:00","guid":{"rendered":"https:\/\/cronicadesoledad.com\/?p=9432"},"modified":"2024-01-26T14:31:13","modified_gmt":"2024-01-26T20:31:13","slug":"alumna-en-monterrey-es-apunalada-dentro-de-su-preparatoria","status":"publish","type":"post","link":"https:\/\/cronicadesoledad.com\/index.php\/2024\/01\/27\/alumna-en-monterrey-es-apunalada-dentro-de-su-preparatoria\/","title":{"rendered":"Alumna en Monterrey es apu\u00f1alada dentro de su preparatoria.\u00a0"},"content":{"rendered":"\n<p>La UANL suspendi\u00f3 las clases hasta el pr\u00f3ximo lunes.&nbsp;<\/p>\n\n\n\n<p>La ma\u00f1ana del 26 de enero se suscit\u00f3 este incidente en las inmediaciones del Centro de Investigaci\u00f3n y Desarrollo de Educaci\u00f3n Biling\u00fce de la Universidad Aut\u00f3noma de Nuevo Le\u00f3n. Un joven de 16 a\u00f1os que portaba una m\u00e1scara ingres\u00f3 al Campus Madero y comenz\u00f3 a atacar a varios con un cuchillo.&nbsp;<\/p>\n\n\n\n<p>La principal agredida fue una chica de 16 a\u00f1os, la cu\u00e1l recibi\u00f3 heridas en los brazos, mu\u00f1ecas y la cara, fue trasladada al Hospital Muguerza para recibir atenci\u00f3n m\u00e9dica inmediata.&nbsp; Por otro lado, el agresor su intent\u00f3 escapar, salt\u00f3 desde un segundo piso del Campus, pero elementos de la Fuerza Civil lo detuvieron.&nbsp;<\/p>\n\n\n\n<p>El presunto agresor es tambi\u00e9n estudiante de esa preparatoria, asist\u00eda al mismo semestre que la afectada, seg\u00fan testigos, agredi\u00f3 a la alumna despu\u00e9s de una discusi\u00f3n. Posterior al ataque todos los alumnos fueron evacuados a la plaza principal del plantel.&nbsp;<\/p>\n\n\n\n<p>Hasta el momento no se sabe m\u00e1s sobre el estatus de la v\u00edctima. La UANL suspendi\u00f3 las clases hasta el pr\u00f3ximo lunes para realizar la investigaci\u00f3n.&nbsp;<\/p>\n","protected":false},"excerpt":{"rendered":"<p>La UANL suspendi\u00f3 las clases hasta el pr\u00f3ximo lunes.&nbsp; La ma\u00f1ana del 26 de enero se suscit\u00f3 este incidente en las inmediaciones del Centro de Investigaci\u00f3n y Desarrollo de Educaci\u00f3n Biling\u00fce de la Universidad Aut\u00f3noma de Nuevo Le\u00f3n. Un joven de 16 a\u00f1os que portaba una m\u00e1scara ingres\u00f3 al Campus Madero y comenz\u00f3 a atacar [&hellip;]<\/p>\n","protected":false},"author":6,"featured_media":9434,"comment_status":"open","ping_status":"open","sticky":false,"template":"","format":"standard","meta":{"footnotes":""},"categories":[1],"tags":[1607,287,1656],"class_list":{"0":"post-9432","1":"post","2":"type-post","3":"status-publish","4":"format-standard","5":"has-post-thumbnail","7":"category-destacadas","8":"tag-monterrey","9":"tag-nacional","10":"tag-uanl"},"_links":{"self":[{"href":"https:\/\/cronicadesoledad.com\/index.php\/wp-json\/wp\/v2\/posts\/9432","targetHints":{"allow":["GET"]}}],"collection":[{"href":"https:\/\/cronicadesoledad.com\/index.php\/wp-json\/wp\/v2\/posts"}],"about":[{"href":"https:\/\/cronicadesoledad.com\/index.php\/wp-json\/wp\/v2\/types\/post"}],"author":[{"embeddable":true,"href":"https:\/\/cronicadesoledad.com\/index.php\/wp-json\/wp\/v2\/users\/6"}],"replies":[{"embeddable":true,"href":"https:\/\/cronicadesoledad.com\/index.php\/wp-json\/wp\/v2\/comments?post=9432"}],"version-history":[{"count":1,"href":"https:\/\/cronicadesoledad.com\/index.php\/wp-json\/wp\/v2\/posts\/9432\/revisions"}],"predecessor-version":[{"id":9433,"href":"https:\/\/cronicadesoledad.com\/index.php\/wp-json\/wp\/v2\/posts\/9432\/revisions\/9433"}],"wp:featuredmedia":[{"embeddable":true,"href":"https:\/\/cronicadesoledad.com\/index.php\/wp-json\/wp\/v2\/media\/9434"}],"wp:attachment":[{"href":"https:\/\/cronicadesoledad.com\/index.php\/wp-json\/wp\/v2\/media?parent=9432"}],"wp:term":[{"taxonomy":"category","embeddable":true,"href":"https:\/\/cronicadesoledad.com\/index.php\/wp-json\/wp\/v2\/categories?post=9432"},{"taxonomy":"post_tag","embeddable":true,"href":"https:\/\/cronicadesoledad.com\/index.php\/wp-json\/wp\/v2\/tags?post=9432"}],"curies":[{"name":"wp","href":"https:\/\/api.w.org\/{rel}","templated":true}]}}