{"id":9499,"date":"2024-01-29T11:00:00","date_gmt":"2024-01-29T17:00:00","guid":{"rendered":"https:\/\/cronicadesoledad.com\/?p=9499"},"modified":"2024-01-29T09:57:05","modified_gmt":"2024-01-29T15:57:05","slug":"aparatosa-volcadura-en-la-57-un-lesionado","status":"publish","type":"post","link":"https:\/\/cronicadesoledad.com\/index.php\/2024\/01\/29\/aparatosa-volcadura-en-la-57-un-lesionado\/","title":{"rendered":"Aparatosa volcadura en la 57\u2019, un lesionado"},"content":{"rendered":"\n<p>ZARAGOZA. &#8211; Un accidente ocurrido la semana pasada, fue reportado por las autoridades, quienes informaron De la salida de la carretera y posterior volcadura de un autom\u00f3vil en la carretera 57, a pocos kil\u00f3metros del entronque con la carretera interestatal 22, Santo Domingo-Cerro Gordo. A donde se trasladaron agentes policiales de las diferentes dependencias, para tomar conocimiento, igual param\u00e9dicos.<\/p>\n\n\n\n<p>De acuerdo con la informaci\u00f3n, los hechos sucedieron por la noche, cuando un tractor tipo quinta rueda, con remolque caja seca, se desplazaba sobre la carretera 57\u2019, M\u00e9xico-Piedras Negras, tramo Quer\u00e9taro-San Luis y, al llegar al punto antes mencionad., al parecer perdi\u00f3 el control del volante y la unidad se sali\u00f3 de la superficie de rodamiento para enseguida volcar en forma por dem\u00e1s aparatosa.<\/p>\n\n\n\n<p>Algunos testigos del accidente, camioneros y automovilistas detuvieron la marcha y se acercaron para tratar de auxiliar a las v\u00edctimas, se llam\u00f3 al 911 de atenci\u00f3n a emergencias, para que fueran enviados param\u00e9dicos. Los socorristas llegaron poco despu\u00e9s, de Rescate y Salvamento. Actuaron r\u00e1pidamente y trasladaron al conductor a un hospital cercano para recibir atenci\u00f3n m\u00e9dica especializada.<\/p>\n\n\n\n<p>Se gener\u00f3 fuerte despliegue de servicios de emergencia y seguridad en la zona. Agentes policiales se encuentran en el lugar para brindar apoyo en la vialidad y facilitar el tr\u00e1nsito de veh\u00edculos en la zona.<\/p>\n\n\n\n<p>Fue pedido el env\u00edo de una gr\u00faa para rescatar el autom\u00f3vil, el cual qued\u00f3 con las ruedas para arriba, llev\u00e1ndolo a un corral\u00f3n. Fue puesto a disposici\u00f3n de la Agencia del Ministerio P\u00fablico.<\/p>\n","protected":false},"excerpt":{"rendered":"<p>ZARAGOZA. &#8211; Un accidente ocurrido la semana pasada, fue reportado por las autoridades, quienes informaron De la salida de la carretera y posterior volcadura de un autom\u00f3vil en la carretera 57, a pocos kil\u00f3metros del entronque con la carretera interestatal 22, Santo Domingo-Cerro Gordo. A donde se trasladaron agentes policiales de las diferentes dependencias, para [&hellip;]<\/p>\n","protected":false},"author":6,"featured_media":9500,"comment_status":"open","ping_status":"open","sticky":false,"template":"","format":"standard","meta":{"footnotes":""},"categories":[30,1],"tags":[596,294,261,1228,1078],"class_list":{"0":"post-9499","1":"post","2":"type-post","3":"status-publish","4":"format-standard","5":"has-post-thumbnail","7":"category-de-la-region-centro","8":"category-destacadas","9":"tag-carretera-57","10":"tag-san-luis","11":"tag-slp","12":"tag-volcadura","13":"tag-zaragoza"},"_links":{"self":[{"href":"https:\/\/cronicadesoledad.com\/index.php\/wp-json\/wp\/v2\/posts\/9499","targetHints":{"allow":["GET"]}}],"collection":[{"href":"https:\/\/cronicadesoledad.com\/index.php\/wp-json\/wp\/v2\/posts"}],"about":[{"href":"https:\/\/cronicadesoledad.com\/index.php\/wp-json\/wp\/v2\/types\/post"}],"author":[{"embeddable":true,"href":"https:\/\/cronicadesoledad.com\/index.php\/wp-json\/wp\/v2\/users\/6"}],"replies":[{"embeddable":true,"href":"https:\/\/cronicadesoledad.com\/index.php\/wp-json\/wp\/v2\/comments?post=9499"}],"version-history":[{"count":1,"href":"https:\/\/cronicadesoledad.com\/index.php\/wp-json\/wp\/v2\/posts\/9499\/revisions"}],"predecessor-version":[{"id":9501,"href":"https:\/\/cronicadesoledad.com\/index.php\/wp-json\/wp\/v2\/posts\/9499\/revisions\/9501"}],"wp:featuredmedia":[{"embeddable":true,"href":"https:\/\/cronicadesoledad.com\/index.php\/wp-json\/wp\/v2\/media\/9500"}],"wp:attachment":[{"href":"https:\/\/cronicadesoledad.com\/index.php\/wp-json\/wp\/v2\/media?parent=9499"}],"wp:term":[{"taxonomy":"category","embeddable":true,"href":"https:\/\/cronicadesoledad.com\/index.php\/wp-json\/wp\/v2\/categories?post=9499"},{"taxonomy":"post_tag","embeddable":true,"href":"https:\/\/cronicadesoledad.com\/index.php\/wp-json\/wp\/v2\/tags?post=9499"}],"curies":[{"name":"wp","href":"https:\/\/api.w.org\/{rel}","templated":true}]}}