{"id":9537,"date":"2024-01-29T15:00:00","date_gmt":"2024-01-29T21:00:00","guid":{"rendered":"https:\/\/cronicadesoledad.com\/?p=9537"},"modified":"2024-01-29T11:29:20","modified_gmt":"2024-01-29T17:29:20","slug":"espectacular-cartelera-para-la-feria-de-la-enchilada","status":"publish","type":"post","link":"https:\/\/cronicadesoledad.com\/index.php\/2024\/01\/29\/espectacular-cartelera-para-la-feria-de-la-enchilada\/","title":{"rendered":"Espectacular cartelera para la Feria de la Enchilada \u00a0"},"content":{"rendered":"\n<ul class=\"wp-block-list\">\n<li><strong>En su d\u00e9cima edici\u00f3n, la FENAE ofrecer\u00e1 a los soledenses una seria de conciertos gratuitos y para todos los gustos.<\/strong><\/li>\n<\/ul>\n\n\n\n<p>A unas semanas de que inicie la Feria Nacional de la Enchilada (FENAE) 2024, la Alcaldesa, Leonor Noyola Cervantes destac\u00f3 la presentaci\u00f3n en el Teatro del Pueblo de artistas y agrupaciones de talla nacional e internacional que har\u00e1n vibrar el escenario, satisfaciendo as\u00ed los gustos de todos los integrantes de las familias soledenses y visitantes.&nbsp;<\/p>\n\n\n\n<p>Desde g\u00e9neros como el regional mexicano hasta los sonidos m\u00e1s irreverentes del rock mexicano, la diversidad de estos espect\u00e1culos garantizar\u00e1 una experiencia \u00fanica y gratuita para todos, destac\u00f3 la jefa de gobierno soledense, al tiempo de resaltar que ser\u00e1 un evento totalmente accesible que contar\u00e1 con juegos mec\u00e1nicos gratuitos, actividades para toda la familia, eventos deportivos y sobre todo una extensa muestra gastron\u00f3mica que enaltece el sabor y origen de las enchiladas potosinas.&nbsp;<\/p>\n\n\n\n<p>La primera agrupaci\u00f3n en confirmar su asistencia a esta gran fiesta fue La Fiera de Ojinaga, un grupo originario de Chihuahua con m\u00e1s de diez a\u00f1os de trayectoria musical que se caracteriza por su sonido norte\u00f1o con saxof\u00f3n, que har\u00e1 bailar a los asistentes con \u00e9xitos como \u201cNo paras de hacerme feliz\u201d, \u201cLa boca les callamos\u201d y \u201cTe vas a acordar de mi\u201d, entre muchos otros.<\/p>\n\n\n\n<p>En el g\u00e9nero rock, con una exitosa trayectoria de m\u00e1s de cinco d\u00e9cadas, el TRI del ic\u00f3nico Alex Lora se presentar\u00e1 con su feroz energ\u00eda y llegar\u00e1 a tierras soledenses para hacer vibrar el escenario con sus grandes \u00e9xitos como \u201cLas piedras rodantes\u201d, \u201cTriste canci\u00f3n\u201d, \u201cTodo me sale mal\u201d y much\u00edsimas canciones m\u00e1s que han dejado una huella imborrable en la historia del rock en M\u00e9xico.<\/p>\n\n\n\n<p>Molotov, otra leyenda del rock mexicano regresa a tierras potosinas para esta vez presentarse en la edici\u00f3n 2024 de la Feria Nacional de la Enchilada, y lo har\u00e1n fieles a su costumbre con letras contundentes, ritmos contagiosos y esa actitud irreverente con la que han desafiado los convencionalismos, lo que los ha llevado a convertirse en un estandarte de la rebeld\u00eda sonora.&nbsp;<\/p>\n\n\n\n<p>La Rioverdense Ana B\u00e1rbara, estrella e icono del regional mexicano, se presentar\u00e1 por primera vez en tierras soledenses para deleitar a propios y extra\u00f1os con su show \u201cBandidos tour\u201d, para con una voz potente y emotiva y un incre\u00edble espect\u00e1culo, hacer bailar y tocar hasta las fibras m\u00e1s sensibles de su p\u00fablico al interpretar sus m\u00e1s grandes \u00e9xitos como \u201cBandido\u201d, \u201cQue Poca\u201d y \u201cLo busque\u201d, entre otras.<\/p>\n\n\n\n<p>Los asistentes a la m\u00e1xima fiesta soledense tambi\u00e9n podr\u00e1n disfrutar de Los Acosta, una de las agrupaciones ic\u00f3nicas del espect\u00e1culo en San Luis Potos\u00ed, quienes se han posicionado como un icono de la m\u00fasica rom\u00e1ntica en M\u00e9xico y el mundo. Los originario de la capital potosina inundar\u00e1n cada rinc\u00f3n de la plaza principal de Soledad con la pasi\u00f3n y el sentimiento de sus inolvidables \u00e9xitos como: &#8220;El Amor de Mi Vida&#8221; y &#8220;Te Amo&#8221;, temas con los que han conquistado corazones y trascendido generaciones.&nbsp;<\/p>\n\n\n\n<p>La Presidenta Municipal Leonor Noyola, pidi\u00f3 a las familias estar pendientes de las redes sociales de la FENAE, ya que a\u00fan faltan m\u00e1s artistas por ser confirmados en la cartelera espectacular que este a\u00f1o deleitar\u00e1 a soledenses y visitantes.<\/p>\n\n\n<div class=\"wp-block-image\">\n<figure class=\"aligncenter size-full\"><img loading=\"lazy\" decoding=\"async\" width=\"1024\" height=\"629\" src=\"https:\/\/cronicadesoledad.com\/wp-content\/uploads\/2024\/01\/CARTELERA-FENAE-2024-2.jpg\" alt=\"\" class=\"wp-image-9539\" srcset=\"https:\/\/cronicadesoledad.com\/wp-content\/uploads\/2024\/01\/CARTELERA-FENAE-2024-2.jpg 1024w, https:\/\/cronicadesoledad.com\/wp-content\/uploads\/2024\/01\/CARTELERA-FENAE-2024-2-300x184.jpg 300w, https:\/\/cronicadesoledad.com\/wp-content\/uploads\/2024\/01\/CARTELERA-FENAE-2024-2-768x472.jpg 768w, https:\/\/cronicadesoledad.com\/wp-content\/uploads\/2024\/01\/CARTELERA-FENAE-2024-2-696x428.jpg 696w\" sizes=\"auto, (max-width: 1024px) 100vw, 1024px\" \/><\/figure>\n<\/div>","protected":false},"excerpt":{"rendered":"<p>A unas semanas de que inicie la Feria Nacional de la Enchilada (FENAE) 2024, la Alcaldesa, Leonor Noyola Cervantes destac\u00f3 la presentaci\u00f3n en el Teatro del Pueblo de artistas y agrupaciones de talla nacional e internacional que har\u00e1n vibrar el escenario, satisfaciendo as\u00ed los gustos de todos los integrantes de las familias soledenses y visitantes.&nbsp; [&hellip;]<\/p>\n","protected":false},"author":6,"featured_media":9538,"comment_status":"open","ping_status":"open","sticky":false,"template":"","format":"standard","meta":{"footnotes":""},"categories":[1,21],"tags":[1473,1595,294,394,27],"class_list":{"0":"post-9537","1":"post","2":"type-post","3":"status-publish","4":"format-standard","5":"has-post-thumbnail","7":"category-destacadas","8":"category-tu-soledad","9":"tag-fenae-2024","10":"tag-feria-de-la-enchilada","11":"tag-san-luis","12":"tag-sdgs","13":"tag-soledad"},"_links":{"self":[{"href":"https:\/\/cronicadesoledad.com\/index.php\/wp-json\/wp\/v2\/posts\/9537","targetHints":{"allow":["GET"]}}],"collection":[{"href":"https:\/\/cronicadesoledad.com\/index.php\/wp-json\/wp\/v2\/posts"}],"about":[{"href":"https:\/\/cronicadesoledad.com\/index.php\/wp-json\/wp\/v2\/types\/post"}],"author":[{"embeddable":true,"href":"https:\/\/cronicadesoledad.com\/index.php\/wp-json\/wp\/v2\/users\/6"}],"replies":[{"embeddable":true,"href":"https:\/\/cronicadesoledad.com\/index.php\/wp-json\/wp\/v2\/comments?post=9537"}],"version-history":[{"count":1,"href":"https:\/\/cronicadesoledad.com\/index.php\/wp-json\/wp\/v2\/posts\/9537\/revisions"}],"predecessor-version":[{"id":9540,"href":"https:\/\/cronicadesoledad.com\/index.php\/wp-json\/wp\/v2\/posts\/9537\/revisions\/9540"}],"wp:featuredmedia":[{"embeddable":true,"href":"https:\/\/cronicadesoledad.com\/index.php\/wp-json\/wp\/v2\/media\/9538"}],"wp:attachment":[{"href":"https:\/\/cronicadesoledad.com\/index.php\/wp-json\/wp\/v2\/media?parent=9537"}],"wp:term":[{"taxonomy":"category","embeddable":true,"href":"https:\/\/cronicadesoledad.com\/index.php\/wp-json\/wp\/v2\/categories?post=9537"},{"taxonomy":"post_tag","embeddable":true,"href":"https:\/\/cronicadesoledad.com\/index.php\/wp-json\/wp\/v2\/tags?post=9537"}],"curies":[{"name":"wp","href":"https:\/\/api.w.org\/{rel}","templated":true}]}}