{"id":9545,"date":"2024-01-29T16:00:00","date_gmt":"2024-01-29T22:00:00","guid":{"rendered":"https:\/\/cronicadesoledad.com\/?p=9545"},"modified":"2024-01-29T11:43:42","modified_gmt":"2024-01-29T17:43:42","slug":"transporte-de-personal-impacto-contra-arbol-dos-heridos","status":"publish","type":"post","link":"https:\/\/cronicadesoledad.com\/index.php\/2024\/01\/29\/transporte-de-personal-impacto-contra-arbol-dos-heridos\/","title":{"rendered":"Transporte de personal impact\u00f3 contra \u00e1rbol, dos heridos"},"content":{"rendered":"\n<p>VILLA DE REYES. &#8211; Resultaron dos personas lesionadas dos personas, un hombre y una mujer, tras impactar el transporte de personal donde viajaban, contra un \u00e1rbol, el accidente sucedi\u00f3 atr\u00e1s de la Escuela T\u00e9cnica 21 por el camino a Las Rusias. Las dos v\u00edctimas quedaron atrapadas en el interior de la unidad y fueron rescatadas por personal de Fuerzas Municipales de Villa de Reyes.<\/p>\n\n\n\n<p>En efecto, al dar respuesta ante un accidente de tr\u00e1fico, elementos de las Fuerzas Municipales de Villa de Reyes acudieron esta madrugada al llamado de auxilio tras el desafortunado incidente de un cami\u00f3n de transporte de personal. El conductor, lamentablemente, perdi\u00f3 el control del veh\u00edculo e impact\u00f3 contra un \u00e1rbol.<\/p>\n\n\n\n<p>El incidente tuvo lugar sobre la carretera que conduce a la comunidad de Las Rusias, en Villa de Reyes. Al llegar al lugar del accidente, los elementos de las Fuerzas Municipales se encontraron con la escena del cami\u00f3n siniestrado, donde dos personas permanec\u00edan atrapadas en el interior del veh\u00edculo.<\/p>\n\n\n\n<p>El equipo de rescate llev\u00f3 a cabo una operaci\u00f3n r\u00e1pida y eficiente para liberar al hombre y la mujer atrapados. Afortunadamente, el resto de los ocupantes del cami\u00f3n logr\u00f3 salir del veh\u00edculo sin sufrir mayores inconvenientes.<\/p>\n\n\n\n<p>Tras el rescate exitoso, las dos personas liberadas fueron trasladadas a la cl\u00ednica 50 del IMSS para recibir la atenci\u00f3n m\u00e9dica necesaria, seg\u00fan indica el informe oficial.<\/p>\n\n\n\n<p>Peritos se presentaron en el lugar de los hechos para tomar conocimiento y solicitaron el envi\u00f3 de una gr\u00faa para proceder a rescatar el averiado veh\u00edculo del lugar donde hab\u00eda quedado, fue llevado a un corral\u00f3n.<\/p>\n","protected":false},"excerpt":{"rendered":"<p>VILLA DE REYES. &#8211; Resultaron dos personas lesionadas dos personas, un hombre y una mujer, tras impactar el transporte de personal donde viajaban, contra un \u00e1rbol, el accidente sucedi\u00f3 atr\u00e1s de la Escuela T\u00e9cnica 21 por el camino a Las Rusias. Las dos v\u00edctimas quedaron atrapadas en el interior de la unidad y fueron rescatadas [&hellip;]<\/p>\n","protected":false},"author":6,"featured_media":9546,"comment_status":"open","ping_status":"open","sticky":false,"template":"","format":"standard","meta":{"footnotes":""},"categories":[30,1],"tags":[1673,294,261,900],"class_list":{"0":"post-9545","1":"post","2":"type-post","3":"status-publish","4":"format-standard","5":"has-post-thumbnail","7":"category-de-la-region-centro","8":"category-destacadas","9":"tag-accidente-de-autobus","10":"tag-san-luis","11":"tag-slp","12":"tag-villa-de-reyes"},"_links":{"self":[{"href":"https:\/\/cronicadesoledad.com\/index.php\/wp-json\/wp\/v2\/posts\/9545","targetHints":{"allow":["GET"]}}],"collection":[{"href":"https:\/\/cronicadesoledad.com\/index.php\/wp-json\/wp\/v2\/posts"}],"about":[{"href":"https:\/\/cronicadesoledad.com\/index.php\/wp-json\/wp\/v2\/types\/post"}],"author":[{"embeddable":true,"href":"https:\/\/cronicadesoledad.com\/index.php\/wp-json\/wp\/v2\/users\/6"}],"replies":[{"embeddable":true,"href":"https:\/\/cronicadesoledad.com\/index.php\/wp-json\/wp\/v2\/comments?post=9545"}],"version-history":[{"count":1,"href":"https:\/\/cronicadesoledad.com\/index.php\/wp-json\/wp\/v2\/posts\/9545\/revisions"}],"predecessor-version":[{"id":9547,"href":"https:\/\/cronicadesoledad.com\/index.php\/wp-json\/wp\/v2\/posts\/9545\/revisions\/9547"}],"wp:featuredmedia":[{"embeddable":true,"href":"https:\/\/cronicadesoledad.com\/index.php\/wp-json\/wp\/v2\/media\/9546"}],"wp:attachment":[{"href":"https:\/\/cronicadesoledad.com\/index.php\/wp-json\/wp\/v2\/media?parent=9545"}],"wp:term":[{"taxonomy":"category","embeddable":true,"href":"https:\/\/cronicadesoledad.com\/index.php\/wp-json\/wp\/v2\/categories?post=9545"},{"taxonomy":"post_tag","embeddable":true,"href":"https:\/\/cronicadesoledad.com\/index.php\/wp-json\/wp\/v2\/tags?post=9545"}],"curies":[{"name":"wp","href":"https:\/\/api.w.org\/{rel}","templated":true}]}}