{"id":9548,"date":"2024-01-29T16:30:00","date_gmt":"2024-01-29T22:30:00","guid":{"rendered":"https:\/\/cronicadesoledad.com\/?p=9548"},"modified":"2024-01-29T11:48:44","modified_gmt":"2024-01-29T17:48:44","slug":"estrategias-en-areas-educativas-y-de-transporte-publico-en-villa-de-reyes","status":"publish","type":"post","link":"https:\/\/cronicadesoledad.com\/index.php\/2024\/01\/29\/estrategias-en-areas-educativas-y-de-transporte-publico-en-villa-de-reyes\/","title":{"rendered":"Estrategias en \u00e1reas educativas y de transporte p\u00fablico en Villa de Reyes"},"content":{"rendered":"\n<p>VILLA DE REYES. &#8211; El Coordinador de Desarrollo Social de Villa de Reyes, Ismael Hern\u00e1ndez Mart\u00ednez, lider\u00f3 una serie de reuniones estrat\u00e9gicas en las \u00e1reas educativa y de transporte p\u00fablico, logrando consolidar acuerdos que se traducir\u00e1n en beneficios significativos para la comunidad estudiantil y la regulaci\u00f3n del transporte en la localidad, tanto en la Cabecera como en las comunidades.<\/p>\n\n\n\n<p>El mi\u00e9rcoles pasado, Hern\u00e1ndez Mart\u00ednez destac\u00f3 la productividad de las reuniones, especialmente en el \u00e1mbito educativo. Se abordaron diversos niveles educativos, desde preescolar hasta la Universidad Intercultural, con el objetivo de abordar el rezago estudiantil y proporcionar herramientas que preparen a los j\u00f3venes para una inserci\u00f3n exitosa en la creciente zona industrial de la regi\u00f3n.<\/p>\n\n\n\n<p>&#8220;Fue un d\u00eda muy productivo, hemos estado trabajando con todos los niveles educativos, desde preescolar hasta la Universidad Intercultural. Precisamente de los trabajos que hemos venido realizando en cada una de las instituciones es el tener mesas de trabajo porque hay mucha necesidad en cuanto al rezago estudiantil y vamos fomentando y acercando las herramientas para que nuestros j\u00f3venes salgan mejor preparados&#8221;, explic\u00f3 Hern\u00e1ndez Mart\u00ednez.<\/p>\n\n\n\n<p>El Coordinador resalt\u00f3 la demanda creciente de personal profesionalizado para la zona industrial en constante expansi\u00f3n, subrayando la importancia de capacitar a los ciudadanos para que ocupen puestos relevantes en este sector. Se enfatiz\u00f3 en la necesidad de comenzar la preparaci\u00f3n desde los niveles educativos m\u00e1s tempranos.<\/p>\n\n\n\n<p>Asimismo, Hern\u00e1ndez Mart\u00ednez abord\u00f3 la gesti\u00f3n para ampliar el padr\u00f3n del programa estatal de dotaci\u00f3n de chips de celular con acceso a internet, dirigido a beneficiar a los habitantes de Villa de Reyes y fortalecer la educaci\u00f3n desde los hogares.<\/p>\n\n\n\n<p>En cuanto al transporte p\u00fablico, el titular de la Coordinaci\u00f3n inform\u00f3 sobre la reuni\u00f3n con personal de la Secretar\u00eda de Comunicaciones y Transportes, dirigida por Araceli Mart\u00ednez Acosta. Destac\u00f3 el compromiso de esta \u00e1rea para mejorar el servicio y la regularizaci\u00f3n del transporte p\u00fablico en el municipio.<\/p>\n\n\n\n<p>&#8220;Se busca que se actualicen en sus placas, en sus licencias, que tengan todo en orden porque es lo que hoy necesitamos y lo que premia Villa de Reyes&#8221;, subray\u00f3 Hern\u00e1ndez Mart\u00ednez.<\/p>\n\n\n\n<p>Estos avances evidencian el compromiso del municipio de Villa de Reyes con el desarrollo integral de su comunidad, destacando la importancia de fortalecer la educaci\u00f3n y mejorar los servicios p\u00fablicos para garantizar una mejor calidad de vida a sus m\u00e1s de 60 mil habitantes.<\/p>\n","protected":false},"excerpt":{"rendered":"<p>VILLA DE REYES. &#8211; El Coordinador de Desarrollo Social de Villa de Reyes, Ismael Hern\u00e1ndez Mart\u00ednez, lider\u00f3 una serie de reuniones estrat\u00e9gicas en las \u00e1reas educativa y de transporte p\u00fablico, logrando consolidar acuerdos que se traducir\u00e1n en beneficios significativos para la comunidad estudiantil y la regulaci\u00f3n del transporte en la localidad, tanto en la Cabecera [&hellip;]<\/p>\n","protected":false},"author":6,"featured_media":9549,"comment_status":"open","ping_status":"open","sticky":false,"template":"","format":"standard","meta":{"footnotes":""},"categories":[30,1],"tags":[1079,294,261,900],"class_list":{"0":"post-9548","1":"post","2":"type-post","3":"status-publish","4":"format-standard","5":"has-post-thumbnail","7":"category-de-la-region-centro","8":"category-destacadas","9":"tag-de-la-region-centro","10":"tag-san-luis","11":"tag-slp","12":"tag-villa-de-reyes"},"_links":{"self":[{"href":"https:\/\/cronicadesoledad.com\/index.php\/wp-json\/wp\/v2\/posts\/9548","targetHints":{"allow":["GET"]}}],"collection":[{"href":"https:\/\/cronicadesoledad.com\/index.php\/wp-json\/wp\/v2\/posts"}],"about":[{"href":"https:\/\/cronicadesoledad.com\/index.php\/wp-json\/wp\/v2\/types\/post"}],"author":[{"embeddable":true,"href":"https:\/\/cronicadesoledad.com\/index.php\/wp-json\/wp\/v2\/users\/6"}],"replies":[{"embeddable":true,"href":"https:\/\/cronicadesoledad.com\/index.php\/wp-json\/wp\/v2\/comments?post=9548"}],"version-history":[{"count":1,"href":"https:\/\/cronicadesoledad.com\/index.php\/wp-json\/wp\/v2\/posts\/9548\/revisions"}],"predecessor-version":[{"id":9550,"href":"https:\/\/cronicadesoledad.com\/index.php\/wp-json\/wp\/v2\/posts\/9548\/revisions\/9550"}],"wp:featuredmedia":[{"embeddable":true,"href":"https:\/\/cronicadesoledad.com\/index.php\/wp-json\/wp\/v2\/media\/9549"}],"wp:attachment":[{"href":"https:\/\/cronicadesoledad.com\/index.php\/wp-json\/wp\/v2\/media?parent=9548"}],"wp:term":[{"taxonomy":"category","embeddable":true,"href":"https:\/\/cronicadesoledad.com\/index.php\/wp-json\/wp\/v2\/categories?post=9548"},{"taxonomy":"post_tag","embeddable":true,"href":"https:\/\/cronicadesoledad.com\/index.php\/wp-json\/wp\/v2\/tags?post=9548"}],"curies":[{"name":"wp","href":"https:\/\/api.w.org\/{rel}","templated":true}]}}