{"id":9551,"date":"2024-01-29T16:30:00","date_gmt":"2024-01-29T22:30:00","guid":{"rendered":"https:\/\/cronicadesoledad.com\/?p=9551"},"modified":"2024-01-29T11:57:15","modified_gmt":"2024-01-29T17:57:15","slug":"descubren-caverna-con-vestigios-en-picacho-de-bernalejo","status":"publish","type":"post","link":"https:\/\/cronicadesoledad.com\/index.php\/2024\/01\/29\/descubren-caverna-con-vestigios-en-picacho-de-bernalejo\/","title":{"rendered":"Descubren caverna con vestigios en Picacho de Bernalejo"},"content":{"rendered":"\n<p>VILLA DE REYES. \u2013 Un grupo de brigadistas de la localidad de Saucillo, junto con personal del Parque Nacional Gogorr\u00f3n, hicieron importante hallazgo al descubrir indicios de lo que podr\u00eda ser la entrada a una cueva a pocos metros de la ya reconocida Cueva de los Indios, ubicada en el Picacho de Bernalejo.<\/p>\n\n\n\n<p>El Se\u00f1or Miguel Ruiz, residente de la comunidad de Palomas, relat\u00f3 que, durante el recorrido por los Nidos de la Majestuosa \u00c1guila Real, se percataron de lo que parec\u00eda ser una abertura que daba acceso a una cueva. Ruiz, motivado por la curiosidad, intent\u00f3 ingresar y logr\u00f3 recorrer unos pocos metros.<\/p>\n\n\n\n<p>En su exploraci\u00f3n, descubri\u00f3 un par de figuras antiguas, as\u00ed como objetos que podr\u00edan ser cadenas de oro y piedras preciosas.<\/p>\n\n\n\n<p>Por el momento, el Instituto Nacional de Antropolog\u00eda e Historia ha tomado posesi\u00f3n de los objetos encontrados en el lugar para su an\u00e1lisis y resguardo.<\/p>\n\n\n\n<p>Este inesperado descubrimiento ha generado gran expectaci\u00f3n en la comunidad y entre los arque\u00f3logos locales, quienes ya se encuentran planificando un estudio m\u00e1s detallado de la cueva y sus posibles tesoros arqueol\u00f3gicos.<\/p>\n\n\n\n<p>El hallazgo adquiere especial relevancia dado el contexto del Octavo Festival del \u00c1guila Real, en el cual se celebra la majestuosidad de esta especie y se resalta la importancia de preservar el patrimonio natural y cultural de la regi\u00f3n, como hasta la fecha lo ha sido.<\/p>\n\n\n\n<p>El evento toma un giro inesperado al incorporar este descubrimiento arqueol\u00f3gico, abriendo nuevas perspectivas sobre la riqueza hist\u00f3rica de Villa de Reyes.<\/p>\n\n\n<div class=\"wp-block-image\">\n<figure class=\"aligncenter size-full\"><img loading=\"lazy\" decoding=\"async\" width=\"720\" height=\"960\" src=\"https:\/\/cronicadesoledad.com\/wp-content\/uploads\/2024\/01\/REYES.-ENCUENTRAN-VESTIGIOS.jpg\" alt=\"\" class=\"wp-image-9552\" srcset=\"https:\/\/cronicadesoledad.com\/wp-content\/uploads\/2024\/01\/REYES.-ENCUENTRAN-VESTIGIOS.jpg 720w, https:\/\/cronicadesoledad.com\/wp-content\/uploads\/2024\/01\/REYES.-ENCUENTRAN-VESTIGIOS-225x300.jpg 225w, https:\/\/cronicadesoledad.com\/wp-content\/uploads\/2024\/01\/REYES.-ENCUENTRAN-VESTIGIOS-696x928.jpg 696w\" sizes=\"auto, (max-width: 720px) 100vw, 720px\" \/><\/figure>\n<\/div>","protected":false},"excerpt":{"rendered":"<p>VILLA DE REYES. \u2013 Un grupo de brigadistas de la localidad de Saucillo, junto con personal del Parque Nacional Gogorr\u00f3n, hicieron importante hallazgo al descubrir indicios de lo que podr\u00eda ser la entrada a una cueva a pocos metros de la ya reconocida Cueva de los Indios, ubicada en el Picacho de Bernalejo. El Se\u00f1or [&hellip;]<\/p>\n","protected":false},"author":6,"featured_media":9553,"comment_status":"open","ping_status":"open","sticky":false,"template":"","format":"standard","meta":{"footnotes":""},"categories":[30,1],"tags":[1675,1674,294,261,900],"class_list":{"0":"post-9551","1":"post","2":"type-post","3":"status-publish","4":"format-standard","5":"has-post-thumbnail","7":"category-de-la-region-centro","8":"category-destacadas","9":"tag-caverna-con-vestigios","10":"tag-picacho-de-bernalejo","11":"tag-san-luis","12":"tag-slp","13":"tag-villa-de-reyes"},"_links":{"self":[{"href":"https:\/\/cronicadesoledad.com\/index.php\/wp-json\/wp\/v2\/posts\/9551","targetHints":{"allow":["GET"]}}],"collection":[{"href":"https:\/\/cronicadesoledad.com\/index.php\/wp-json\/wp\/v2\/posts"}],"about":[{"href":"https:\/\/cronicadesoledad.com\/index.php\/wp-json\/wp\/v2\/types\/post"}],"author":[{"embeddable":true,"href":"https:\/\/cronicadesoledad.com\/index.php\/wp-json\/wp\/v2\/users\/6"}],"replies":[{"embeddable":true,"href":"https:\/\/cronicadesoledad.com\/index.php\/wp-json\/wp\/v2\/comments?post=9551"}],"version-history":[{"count":1,"href":"https:\/\/cronicadesoledad.com\/index.php\/wp-json\/wp\/v2\/posts\/9551\/revisions"}],"predecessor-version":[{"id":9554,"href":"https:\/\/cronicadesoledad.com\/index.php\/wp-json\/wp\/v2\/posts\/9551\/revisions\/9554"}],"wp:featuredmedia":[{"embeddable":true,"href":"https:\/\/cronicadesoledad.com\/index.php\/wp-json\/wp\/v2\/media\/9553"}],"wp:attachment":[{"href":"https:\/\/cronicadesoledad.com\/index.php\/wp-json\/wp\/v2\/media?parent=9551"}],"wp:term":[{"taxonomy":"category","embeddable":true,"href":"https:\/\/cronicadesoledad.com\/index.php\/wp-json\/wp\/v2\/categories?post=9551"},{"taxonomy":"post_tag","embeddable":true,"href":"https:\/\/cronicadesoledad.com\/index.php\/wp-json\/wp\/v2\/tags?post=9551"}],"curies":[{"name":"wp","href":"https:\/\/api.w.org\/{rel}","templated":true}]}}