{"id":9566,"date":"2024-01-29T21:00:00","date_gmt":"2024-01-30T03:00:00","guid":{"rendered":"https:\/\/cronicadesoledad.com\/?p=9566"},"modified":"2024-01-29T16:55:07","modified_gmt":"2024-01-29T22:55:07","slug":"parejas-se-preparan-para-matrimonio-este-14-de-febrero","status":"publish","type":"post","link":"https:\/\/cronicadesoledad.com\/index.php\/2024\/01\/29\/parejas-se-preparan-para-matrimonio-este-14-de-febrero\/","title":{"rendered":"Parejas se preparan para matrimonio este 14 de febrero"},"content":{"rendered":"\n<p>Con la proyecci\u00f3n de congregar hasta 180 parejas d\u00e1ndose el \u201cs\u00ed\u201d mediante matrimonio civil, el Ayuntamiento de Soledad de Graciano S\u00e1nchez reafirma la invitaci\u00f3n a ser parte de los \u201cMatrimonios Simult\u00e1neos\u201d este pr\u00f3ximo este 14 de febrero, fecha en que se conmemora el D\u00eda de San Valent\u00edn, en un evento que promete ser emotivo y sin duda memorable para las y los participantes; en coordinaci\u00f3n con los Sistemas Estatal y Municipal para el Desarrollo Integral de la Familia.<\/p>\n\n\n\n<p>El encuentro se realizar\u00e1 en la Plaza Principal del municipio a las 12 del mediod\u00eda, donde se dar\u00e1n cita las enamoradas y enamorados, en una ceremonia colectiva que inmortalizar\u00e1 su compromiso una celebraci\u00f3n totalmente gratuita, pero requiere de una inscripci\u00f3n oportuna en alguna de las siete Oficial\u00edas del Registro Civil hasta el 12 de febrero, fecha l\u00edmite para ser parte de este acto.<\/p>\n\n\n\n<p>Para tal efecto, las y los futuros contrayentes deber\u00e1n presentar una serie de documentos entre los que se encuentran: actas de nacimiento, an\u00e1lisis m\u00e9dicos prenupciales, identificaciones oficiales, comprobantes de domicilio, dos testigos por pareja y, en el caso de los novios, la cartilla militar; en caso de falta de alg\u00fan documento, las autoridades ofrecer\u00e1n asistencia para completar los requisitos y que ninguna pareja pierda la oportunidad de legalizar su uni\u00f3n.<\/p>\n\n\n\n<p>Esta iniciativa tambi\u00e9n busca consolidar los v\u00ednculos comunitarios al permitir que parejas de todas las edades y condiciones sociales sellen su afecto de forma oficial y sin ning\u00fan costo; adem\u00e1s, se preparan diferentes programas y sorpresas para amenizar el evento, que invitan a compartir y disfrutar del ambiente de uni\u00f3n y j\u00fabilo caracter\u00edstico de esta fecha.<\/p>\n\n\n\n<p>Las y los interesados deber\u00e1n apartar su lugar en cualquiera de las siete Oficial\u00edas del Registro Civil, las cuales est\u00e1n distribuidas de la siguiente manera Oficial\u00eda Primera en Cabecera Municipal; Oficial\u00eda Segunda en avenida de Los Pinos; Oficial\u00eda Tercera en Cabecera Municipal; Oficial\u00eda Cuarta en avenida Jos\u00e9 de G\u00e1lvez; Oficial\u00eda Quinta en colonia San Antonio; Oficial\u00eda Sexta en colonia Quintas de la Hacienda y Oficial\u00eda S\u00e9ptima en la colonia antes mencionada.<\/p>\n","protected":false},"excerpt":{"rendered":"<p>Con la proyecci\u00f3n de congregar hasta 180 parejas d\u00e1ndose el \u201cs\u00ed\u201d mediante matrimonio civil, el Ayuntamiento de Soledad de Graciano S\u00e1nchez reafirma la invitaci\u00f3n a ser parte de los \u201cMatrimonios Simult\u00e1neos\u201d este pr\u00f3ximo este 14 de febrero, fecha en que se conmemora el D\u00eda de San Valent\u00edn, en un evento que promete ser emotivo y [&hellip;]<\/p>\n","protected":false},"author":2,"featured_media":9567,"comment_status":"open","ping_status":"open","sticky":false,"template":"","format":"standard","meta":{"footnotes":""},"categories":[24,21],"tags":[1535,81,223,29,1276,294,261,27],"class_list":{"0":"post-9566","1":"post","2":"type-post","3":"status-publish","4":"format-standard","5":"has-post-thumbnail","7":"category-informacion-general","8":"category-tu-soledad","9":"tag-14-de-febrero","10":"tag-alcaldesa-soledense","11":"tag-ayuntamiento-soledense","12":"tag-leonor-noyola","13":"tag-matrimonios","14":"tag-san-luis","15":"tag-slp","16":"tag-soledad"},"_links":{"self":[{"href":"https:\/\/cronicadesoledad.com\/index.php\/wp-json\/wp\/v2\/posts\/9566","targetHints":{"allow":["GET"]}}],"collection":[{"href":"https:\/\/cronicadesoledad.com\/index.php\/wp-json\/wp\/v2\/posts"}],"about":[{"href":"https:\/\/cronicadesoledad.com\/index.php\/wp-json\/wp\/v2\/types\/post"}],"author":[{"embeddable":true,"href":"https:\/\/cronicadesoledad.com\/index.php\/wp-json\/wp\/v2\/users\/2"}],"replies":[{"embeddable":true,"href":"https:\/\/cronicadesoledad.com\/index.php\/wp-json\/wp\/v2\/comments?post=9566"}],"version-history":[{"count":1,"href":"https:\/\/cronicadesoledad.com\/index.php\/wp-json\/wp\/v2\/posts\/9566\/revisions"}],"predecessor-version":[{"id":9568,"href":"https:\/\/cronicadesoledad.com\/index.php\/wp-json\/wp\/v2\/posts\/9566\/revisions\/9568"}],"wp:featuredmedia":[{"embeddable":true,"href":"https:\/\/cronicadesoledad.com\/index.php\/wp-json\/wp\/v2\/media\/9567"}],"wp:attachment":[{"href":"https:\/\/cronicadesoledad.com\/index.php\/wp-json\/wp\/v2\/media?parent=9566"}],"wp:term":[{"taxonomy":"category","embeddable":true,"href":"https:\/\/cronicadesoledad.com\/index.php\/wp-json\/wp\/v2\/categories?post=9566"},{"taxonomy":"post_tag","embeddable":true,"href":"https:\/\/cronicadesoledad.com\/index.php\/wp-json\/wp\/v2\/tags?post=9566"}],"curies":[{"name":"wp","href":"https:\/\/api.w.org\/{rel}","templated":true}]}}