{"id":9576,"date":"2024-01-30T11:30:00","date_gmt":"2024-01-30T17:30:00","guid":{"rendered":"https:\/\/cronicadesoledad.com\/?p=9576"},"modified":"2024-01-30T10:41:33","modified_gmt":"2024-01-30T16:41:33","slug":"alerta-en-valles-por-olores-contaminantes","status":"publish","type":"post","link":"https:\/\/cronicadesoledad.com\/index.php\/2024\/01\/30\/alerta-en-valles-por-olores-contaminantes\/","title":{"rendered":"Alerta en Valles por olores contaminantes"},"content":{"rendered":"\n<p>Ciudad Valles, S.L.P.- La Coordinaci\u00f3n Municipal de Protecci\u00f3n Civil est\u00e1 investigando la presencia de\u00a0olores f\u00e9tidos en el ambiente,\u00a0y que podr\u00edan clasificarse tambi\u00e9n como contaminantes asegur\u00f3 el titular del \u00e1rea Lino Alberto Guti\u00e9rrez Ramos.<\/p>\n\n\n\n<p>\u00abSe ha comentado y se est\u00e1 investigando el olor penetrante, y es arom\u00e1tico que es lo que nos da cuidado. Vamos a visualizar&nbsp; ya la parte del ingenio, pensamos que era un \u00e1rea donde de almacena agua y tampoco, vamos a visualizar tambi\u00e9n en la parte del rio, para ver cu\u00e1l es la fue ah\u00ed y vamos a ver cu\u00e1l es la posible causa, de hecho el olor de hecho est\u00e1 en la zona perif\u00e9rica de la ciudad, viene el viento y se mete al centro\u2026\u00bb.<\/p>\n\n\n\n<p>Los primeros reportes fueron el pasado s\u00e1bado y se hicieron varios recorridos, y este lunes habr\u00edan de verificar la zona del rio. Dijo que los olores arom\u00e1ticos, en algunos casos tienen cierto grado de toxicidad, por lo que se implementar\u00e1 al uso de un medidor tipo Dr\u00e4eger.<\/p>\n\n\n\n<p>\u00abEntonces por la caracter\u00edstica de que pertenecen a los aerosoles, pues vamos a determinar y vamos a buscarlo; yo tengo un medidor que se llama medidor de vapores y le llamamos Dr\u00e4eger, con ese ya hicimos varias mediciones; hay algo que se llama \u00e1cido sulfh\u00eddrico, que es el que se desprende de las aguas que est\u00e1n encharcadas que est\u00e1n en un solo lugar y que ya est\u00e1n podridas, pero el dolor todav\u00eda es m\u00e1s caracter\u00edstico; entonces ya hicimos varias mediciones y no nos marcan todav\u00eda nada, pero vamos a buscar\u2026\u00bb.<\/p>\n\n\n\n<p>Dijo que hasta el momento no hay personas afectadas con s\u00edntomas como mareos, nauseas y vomito, solo se percibe el olor en el ambiente. Descart\u00f3 que sea en gaseras donde se originaron estos olores, pues ya se verificaron algunas empresas. Incluso sus medidores no han detectado nada anormal.<\/p>\n\n\n\n<p>Con informaci\u00f3n de C\u00f3digo San Luis. <\/p>\n\n\n\n<p><\/p>\n","protected":false},"excerpt":{"rendered":"<p>Ciudad Valles, S.L.P.- La Coordinaci\u00f3n Municipal de Protecci\u00f3n Civil est\u00e1 investigando la presencia de\u00a0olores f\u00e9tidos en el ambiente,\u00a0y que podr\u00edan clasificarse tambi\u00e9n como contaminantes asegur\u00f3 el titular del \u00e1rea Lino Alberto Guti\u00e9rrez Ramos. \u00abSe ha comentado y se est\u00e1 investigando el olor penetrante, y es arom\u00e1tico que es lo que nos da cuidado. Vamos a [&hellip;]<\/p>\n","protected":false},"author":6,"featured_media":9577,"comment_status":"open","ping_status":"open","sticky":false,"template":"","format":"standard","meta":{"footnotes":""},"categories":[30,1],"tags":[808,809,294,261,1268],"class_list":{"0":"post-9576","1":"post","2":"type-post","3":"status-publish","4":"format-standard","5":"has-post-thumbnail","7":"category-de-la-region-centro","8":"category-destacadas","9":"tag-ciudad-valles","10":"tag-contaminacion","11":"tag-san-luis","12":"tag-slp","13":"tag-valles"},"_links":{"self":[{"href":"https:\/\/cronicadesoledad.com\/index.php\/wp-json\/wp\/v2\/posts\/9576","targetHints":{"allow":["GET"]}}],"collection":[{"href":"https:\/\/cronicadesoledad.com\/index.php\/wp-json\/wp\/v2\/posts"}],"about":[{"href":"https:\/\/cronicadesoledad.com\/index.php\/wp-json\/wp\/v2\/types\/post"}],"author":[{"embeddable":true,"href":"https:\/\/cronicadesoledad.com\/index.php\/wp-json\/wp\/v2\/users\/6"}],"replies":[{"embeddable":true,"href":"https:\/\/cronicadesoledad.com\/index.php\/wp-json\/wp\/v2\/comments?post=9576"}],"version-history":[{"count":1,"href":"https:\/\/cronicadesoledad.com\/index.php\/wp-json\/wp\/v2\/posts\/9576\/revisions"}],"predecessor-version":[{"id":9578,"href":"https:\/\/cronicadesoledad.com\/index.php\/wp-json\/wp\/v2\/posts\/9576\/revisions\/9578"}],"wp:featuredmedia":[{"embeddable":true,"href":"https:\/\/cronicadesoledad.com\/index.php\/wp-json\/wp\/v2\/media\/9577"}],"wp:attachment":[{"href":"https:\/\/cronicadesoledad.com\/index.php\/wp-json\/wp\/v2\/media?parent=9576"}],"wp:term":[{"taxonomy":"category","embeddable":true,"href":"https:\/\/cronicadesoledad.com\/index.php\/wp-json\/wp\/v2\/categories?post=9576"},{"taxonomy":"post_tag","embeddable":true,"href":"https:\/\/cronicadesoledad.com\/index.php\/wp-json\/wp\/v2\/tags?post=9576"}],"curies":[{"name":"wp","href":"https:\/\/api.w.org\/{rel}","templated":true}]}}