{"id":9582,"date":"2024-01-30T13:00:00","date_gmt":"2024-01-30T19:00:00","guid":{"rendered":"https:\/\/cronicadesoledad.com\/?p=9582"},"modified":"2024-01-30T12:20:34","modified_gmt":"2024-01-30T18:20:34","slug":"linea-12-del-metro-de-cdmx-vuelve-a-funciones","status":"publish","type":"post","link":"https:\/\/cronicadesoledad.com\/index.php\/2024\/01\/30\/linea-12-del-metro-de-cdmx-vuelve-a-funciones\/","title":{"rendered":"L\u00ednea 12 del Metro de CDMX vuelve a funciones"},"content":{"rendered":"\n<h2 class=\"wp-block-heading\">M\u00e1s de dos a\u00f1os, ning\u00fan culpable y 26 v\u00edctimas despu\u00e9s vuelve a funciones la l\u00ednea 12 del Metro de la CDMX.<\/h2>\n\n\n\n<p class=\"has-text-align-right\">Por Paulina Vega <\/p>\n\n\n\n<p>Este 30 de enero, volver\u00e1 a funciones en su totalidad la L\u00ednea 12 del metro de la Ciudad de M\u00e9xico, regresa despu\u00e9s de las reparaciones y controversia alrededor de la l\u00ednea por su colapso hace casi tres a\u00f1os.\u00a0<\/p>\n\n\n\n<p>Aunque fue un suceso que en 2021 sacudi\u00f3 a M\u00e9xico entero y puso en el ojo de la cr\u00edtica a muchos funcionarios incluida la ahora candidata presidencial Claudia Sheinbaum (en ese entonces jefa de Gobierno), ninguna autoridad o los constructores enfrentan alg\u00fan tipo de proceso legal en su contra.&nbsp;<\/p>\n\n\n\n<p>Existe un proceso contra 10 exfuncionarios y supervisores de obra por homicidio y lesiones culposas, pero ninguno ha avanzado por diferentes amparos pendientes. La \u00fanica medida cautelar que se les dio es la retenci\u00f3n de su pasaporte, adem\u00e1s deben firmar peri\u00f3dicamente para confirmar que siguen en la Ciudad de M\u00e9xico.&nbsp;<\/p>\n\n\n\n<p>El tramo elevado y reparado de la l\u00ednea 12 copta de 6.7 e incluye dls estaciones de Tezonco, Olivos, Nopalera, Zapotitl\u00e1n, Tlaltenco y Tl\u00e1huac.&nbsp;<\/p>\n","protected":false},"excerpt":{"rendered":"<p>M\u00e1s de dos a\u00f1os, ning\u00fan culpable y 26 v\u00edctimas despu\u00e9s vuelve a funciones la l\u00ednea 12 del Metro de la CDMX. Por Paulina Vega Este 30 de enero, volver\u00e1 a funciones en su totalidad la L\u00ednea 12 del metro de la Ciudad de M\u00e9xico, regresa despu\u00e9s de las reparaciones y controversia alrededor de la l\u00ednea [&hellip;]<\/p>\n","protected":false},"author":6,"featured_media":9583,"comment_status":"open","ping_status":"open","sticky":false,"template":"","format":"standard","meta":{"footnotes":""},"categories":[1,24],"tags":[498,288,1682,1683,287],"class_list":{"0":"post-9582","1":"post","2":"type-post","3":"status-publish","4":"format-standard","5":"has-post-thumbnail","7":"category-destacadas","8":"category-informacion-general","9":"tag-cdmx","10":"tag-internacional","11":"tag-linea-12","12":"tag-linea-12-metro-cdmx","13":"tag-nacional"},"_links":{"self":[{"href":"https:\/\/cronicadesoledad.com\/index.php\/wp-json\/wp\/v2\/posts\/9582","targetHints":{"allow":["GET"]}}],"collection":[{"href":"https:\/\/cronicadesoledad.com\/index.php\/wp-json\/wp\/v2\/posts"}],"about":[{"href":"https:\/\/cronicadesoledad.com\/index.php\/wp-json\/wp\/v2\/types\/post"}],"author":[{"embeddable":true,"href":"https:\/\/cronicadesoledad.com\/index.php\/wp-json\/wp\/v2\/users\/6"}],"replies":[{"embeddable":true,"href":"https:\/\/cronicadesoledad.com\/index.php\/wp-json\/wp\/v2\/comments?post=9582"}],"version-history":[{"count":2,"href":"https:\/\/cronicadesoledad.com\/index.php\/wp-json\/wp\/v2\/posts\/9582\/revisions"}],"predecessor-version":[{"id":9585,"href":"https:\/\/cronicadesoledad.com\/index.php\/wp-json\/wp\/v2\/posts\/9582\/revisions\/9585"}],"wp:featuredmedia":[{"embeddable":true,"href":"https:\/\/cronicadesoledad.com\/index.php\/wp-json\/wp\/v2\/media\/9583"}],"wp:attachment":[{"href":"https:\/\/cronicadesoledad.com\/index.php\/wp-json\/wp\/v2\/media?parent=9582"}],"wp:term":[{"taxonomy":"category","embeddable":true,"href":"https:\/\/cronicadesoledad.com\/index.php\/wp-json\/wp\/v2\/categories?post=9582"},{"taxonomy":"post_tag","embeddable":true,"href":"https:\/\/cronicadesoledad.com\/index.php\/wp-json\/wp\/v2\/tags?post=9582"}],"curies":[{"name":"wp","href":"https:\/\/api.w.org\/{rel}","templated":true}]}}