{"id":9586,"date":"2024-01-31T11:00:00","date_gmt":"2024-01-31T17:00:00","guid":{"rendered":"https:\/\/cronicadesoledad.com\/?p=9586"},"modified":"2024-01-30T13:19:32","modified_gmt":"2024-01-30T19:19:32","slug":"protesta-anti-gentrificacion-en-oaxaca-deja-detenidos","status":"publish","type":"post","link":"https:\/\/cronicadesoledad.com\/index.php\/2024\/01\/31\/protesta-anti-gentrificacion-en-oaxaca-deja-detenidos\/","title":{"rendered":"Protesta anti gentrificaci\u00f3n en Oaxaca deja detenidos\u00a0"},"content":{"rendered":"\n<p>El s\u00e1bado pasado se llev\u00f3 a cabo una protesta en contra de la creciente gentrificaci\u00f3n tur\u00edstica que est\u00e1 ocurriendo en Oaxaca, seis activistas fueron detenidos, pero fueron liberados entre 24 y 48 horas despu\u00e9s de su detenci\u00f3n, principalmente por la presi\u00f3n de colectivos,&nbsp;<\/p>\n\n\n\n<p>Esta manifestaci\u00f3n fue convocada por diferentes colectivos y personas de sociedad civil con el fin de exigir a las autoridades oaxaque\u00f1as la regulaci\u00f3n de las pr\u00e1cticas arrendatarias de forma inmediata.&nbsp;<\/p>\n\n\n\n<p>Estas malas pr\u00e1cticas han obligado a los locales a abandonar sus hogares y dirigirse a vivir en las periferias pues es la \u00fanica forma en la que sus ingresos les permiten vivir despu\u00e9s del aumento de las rentas y de los precios en los servicios en diferentes zonas de Oaxaca a causa de la gentrificaci\u00f3n.&nbsp;<\/p>\n\n\n\n<p>Los manifestantes comenzaron su trayecto desde la Cruz de piedra con direcci\u00f3n al z\u00f3calo. En el camino realizaron pintas e iconoclasia, esta segunda fue calificada como \u201cactos vand\u00e1licos\u201d por parte del gobierno y algunos de los detenidos fue a causa de este delito.&nbsp;<\/p>\n\n\n\n<p>El gobernador del Estado Salom\u00f3n Jara Cruz, calific\u00f3 de racista esta protesta. \u201cLa lucha racista es repudiable, tenemos el ejemplo de (Adolfo) Hitler, que se crey\u00f3 una raza superior, yo no s\u00e9 si esos j\u00f3venes sean de una raza superior, los respetamos, pero en\u00a0Oaxaca\u00a0no hay razas superiores, nadie es m\u00e1s ni menos\u201d mencion\u00f3 en sus declaraciones sobre la protesta.\u00a0<\/p>\n\n\n<div class=\"wp-block-image\">\n<figure class=\"aligncenter size-large\"><img loading=\"lazy\" decoding=\"async\" width=\"1024\" height=\"682\" src=\"https:\/\/cronicadesoledad.com\/wp-content\/uploads\/2024\/01\/image-49-1024x682.png\" alt=\"\" class=\"wp-image-9589\" srcset=\"https:\/\/cronicadesoledad.com\/wp-content\/uploads\/2024\/01\/image-49-1024x682.png 1024w, https:\/\/cronicadesoledad.com\/wp-content\/uploads\/2024\/01\/image-49-300x200.png 300w, https:\/\/cronicadesoledad.com\/wp-content\/uploads\/2024\/01\/image-49-768x512.png 768w, https:\/\/cronicadesoledad.com\/wp-content\/uploads\/2024\/01\/image-49-696x464.png 696w, https:\/\/cronicadesoledad.com\/wp-content\/uploads\/2024\/01\/image-49-1068x712.png 1068w, https:\/\/cronicadesoledad.com\/wp-content\/uploads\/2024\/01\/image-49.png 1280w\" sizes=\"auto, (max-width: 1024px) 100vw, 1024px\" \/><\/figure>\n<\/div>\n\n\n<p>\u201cEl mestizaje entrama la explotaci\u00f3n racial, \u00a1fuera gringos!\u201d \u201cOaxaca no es mercanc\u00eda\u201d \u201cAlto al despojo de nuestros bienes y cultura\u201d \u201cNo es sequ\u00eda, es saqueo\u201d, fueron algunas de las pintas y consignas que se pudieron ver y escuchar durante la protesta.&nbsp;<\/p>\n\n\n\n<p>Lo que buscan las personas que se manifestaron es visibilizar la problem\u00e1tica en la que se han envuelto los locales con la llegada de turistas extranjeros o compa\u00f1\u00edas como Airbnb, los cu\u00e1les se benefician de territorio, la cultura y la poblaci\u00f3n de Oaxaca, muchas de estas personas residen de forma normal en el Estado sin pagar ning\u00fan tipo de impuestos, al igual que la compa\u00f1\u00eda Airbnb.&nbsp;<\/p>\n\n\n\n<p>Por otro lado, los locales se han visto desplazados de sus hogares con la llegada de los turistas, las rentas aumentan, los precios de art\u00edculos y servicios b\u00e1sicos tambi\u00e9n aumentaron su precio, pues la presencia de estos turistas, implica que los comercios pueden cobrar en d\u00f3lares, precios que los locales no pueden costear.&nbsp;<\/p>\n\n\n\n<p>Y no solo se han visto desplazados de sus hogares y han visto como su cultura y ciudad se han vuelto souvenirs, tambi\u00e9n se han visto afectados con el abasto de agua, la mayor\u00eda es llevada a los principales hoteles, mientras que los locales se ven afectados y deben recibir agua con tandeos.\u00a0<\/p>\n\n\n<div class=\"wp-block-image\">\n<figure class=\"aligncenter size-large\"><img loading=\"lazy\" decoding=\"async\" width=\"1024\" height=\"684\" src=\"https:\/\/cronicadesoledad.com\/wp-content\/uploads\/2024\/01\/image-51-1024x684.png\" alt=\"\" class=\"wp-image-9592\" srcset=\"https:\/\/cronicadesoledad.com\/wp-content\/uploads\/2024\/01\/image-51-1024x684.png 1024w, https:\/\/cronicadesoledad.com\/wp-content\/uploads\/2024\/01\/image-51-300x200.png 300w, https:\/\/cronicadesoledad.com\/wp-content\/uploads\/2024\/01\/image-51-768x513.png 768w, https:\/\/cronicadesoledad.com\/wp-content\/uploads\/2024\/01\/image-51-696x465.png 696w, https:\/\/cronicadesoledad.com\/wp-content\/uploads\/2024\/01\/image-51-1068x713.png 1068w, https:\/\/cronicadesoledad.com\/wp-content\/uploads\/2024\/01\/image-51.png 1200w\" sizes=\"auto, (max-width: 1024px) 100vw, 1024px\" \/><\/figure>\n<\/div>","protected":false},"excerpt":{"rendered":"<p>El s\u00e1bado pasado se llev\u00f3 a cabo una protesta en contra de la creciente gentrificaci\u00f3n tur\u00edstica que est\u00e1 ocurriendo en Oaxaca, seis activistas fueron detenidos, pero fueron liberados entre 24 y 48 horas despu\u00e9s de su detenci\u00f3n, principalmente por la presi\u00f3n de colectivos,&nbsp; Esta manifestaci\u00f3n fue convocada por diferentes colectivos y personas de sociedad civil [&hellip;]<\/p>\n","protected":false},"author":6,"featured_media":9587,"comment_status":"open","ping_status":"open","sticky":false,"template":"","format":"standard","meta":{"footnotes":""},"categories":[1,24],"tags":[1685,288,287,1684,370],"class_list":{"0":"post-9586","1":"post","2":"type-post","3":"status-publish","4":"format-standard","5":"has-post-thumbnail","7":"category-destacadas","8":"category-informacion-general","9":"tag-gentrificacion","10":"tag-internacional","11":"tag-nacional","12":"tag-oaxaca","13":"tag-turismo"},"_links":{"self":[{"href":"https:\/\/cronicadesoledad.com\/index.php\/wp-json\/wp\/v2\/posts\/9586","targetHints":{"allow":["GET"]}}],"collection":[{"href":"https:\/\/cronicadesoledad.com\/index.php\/wp-json\/wp\/v2\/posts"}],"about":[{"href":"https:\/\/cronicadesoledad.com\/index.php\/wp-json\/wp\/v2\/types\/post"}],"author":[{"embeddable":true,"href":"https:\/\/cronicadesoledad.com\/index.php\/wp-json\/wp\/v2\/users\/6"}],"replies":[{"embeddable":true,"href":"https:\/\/cronicadesoledad.com\/index.php\/wp-json\/wp\/v2\/comments?post=9586"}],"version-history":[{"count":2,"href":"https:\/\/cronicadesoledad.com\/index.php\/wp-json\/wp\/v2\/posts\/9586\/revisions"}],"predecessor-version":[{"id":9593,"href":"https:\/\/cronicadesoledad.com\/index.php\/wp-json\/wp\/v2\/posts\/9586\/revisions\/9593"}],"wp:featuredmedia":[{"embeddable":true,"href":"https:\/\/cronicadesoledad.com\/index.php\/wp-json\/wp\/v2\/media\/9587"}],"wp:attachment":[{"href":"https:\/\/cronicadesoledad.com\/index.php\/wp-json\/wp\/v2\/media?parent=9586"}],"wp:term":[{"taxonomy":"category","embeddable":true,"href":"https:\/\/cronicadesoledad.com\/index.php\/wp-json\/wp\/v2\/categories?post=9586"},{"taxonomy":"post_tag","embeddable":true,"href":"https:\/\/cronicadesoledad.com\/index.php\/wp-json\/wp\/v2\/tags?post=9586"}],"curies":[{"name":"wp","href":"https:\/\/api.w.org\/{rel}","templated":true}]}}