{"id":9610,"date":"2024-01-31T12:00:00","date_gmt":"2024-01-31T18:00:00","guid":{"rendered":"https:\/\/cronicadesoledad.com\/?p=9610"},"modified":"2024-01-31T11:15:12","modified_gmt":"2024-01-31T17:15:12","slug":"suspenden-de-nuevo-las-corridas-de-toros-en-cdmx","status":"publish","type":"post","link":"https:\/\/cronicadesoledad.com\/index.php\/2024\/01\/31\/suspenden-de-nuevo-las-corridas-de-toros-en-cdmx\/","title":{"rendered":"Suspenden de nuevo las corridas de toros en CDMX\u00a0"},"content":{"rendered":"\n<h2 class=\"wp-block-heading\">Menos de una semana dur\u00f3 el regreso de las corridas de toros a la capital.&nbsp;<\/h2>\n\n\n\n<p>El juzgado del quinto distrito en materia administrativa, a trav\u00e9s de la jueza Sandra de Jes\u00fas Z\u00fa\u00f1iga, concedi\u00f3 la medida de la suspensi\u00f3n de las corridas de todos a la Asociaci\u00f3n Todas Todos por Amor a los Toros como parte del juicio de amparo 152\/2023.&nbsp;<\/p>\n\n\n\n<p>Un representante de la asociaci\u00f3n mencionada entreg\u00f3 pruebas documentales al juzgado, las cuales ser\u00e1n desahogadas dentro de la audiencia incidental del pr\u00f3ximo 7 de febrero. La suspensi\u00f3n adem\u00e1s implica prohibici\u00f3n de la realizaci\u00f3n de las pr\u00f3ximas dos corridas programadas en la plaza de toros.&nbsp;<\/p>\n\n\n\n<p>De igual modo, las autoridades de la Alcald\u00eda Benito Ju\u00e1rez deber\u00e1 suspender \u201cel otorgamiento de permisos para realizar dichos espect\u00e1culos\u201d. Dentro de la demanda realizada por la instituci\u00f3n se pide la medida cautelar contra las las leyes, reglamentos o disposiciones de car\u00e1cter general y Ley para la Celebraci\u00f3n de Espect\u00e1culos P\u00fablicos del Distrito Federal en la que est\u00e1n incluidos los espect\u00e1culos de tauromaquia.&nbsp;<\/p>\n\n\n\n<p>Este fallo sucede tres d\u00edas despu\u00e9s de las protestas de activistas y asociaciones protectoras de animales en contra de la reapertura de la Plaza de Toros M\u00e9xico.&nbsp;<\/p>\n\n\n\n<figure class=\"wp-block-gallery has-nested-images columns-default is-cropped wp-block-gallery-1 is-layout-flex wp-block-gallery-is-layout-flex\">\n<figure class=\"wp-block-image size-large\"><img loading=\"lazy\" decoding=\"async\" width=\"1024\" height=\"683\" data-id=\"9612\" src=\"https:\/\/cronicadesoledad.com\/wp-content\/uploads\/2024\/01\/protestas-corridas-de-toros-1-1024x683.png\" alt=\"\" class=\"wp-image-9612\" srcset=\"https:\/\/cronicadesoledad.com\/wp-content\/uploads\/2024\/01\/protestas-corridas-de-toros-1-1024x683.png 1024w, https:\/\/cronicadesoledad.com\/wp-content\/uploads\/2024\/01\/protestas-corridas-de-toros-1-300x200.png 300w, https:\/\/cronicadesoledad.com\/wp-content\/uploads\/2024\/01\/protestas-corridas-de-toros-1-768x512.png 768w, https:\/\/cronicadesoledad.com\/wp-content\/uploads\/2024\/01\/protestas-corridas-de-toros-1-696x464.png 696w, https:\/\/cronicadesoledad.com\/wp-content\/uploads\/2024\/01\/protestas-corridas-de-toros-1-1068x712.png 1068w, https:\/\/cronicadesoledad.com\/wp-content\/uploads\/2024\/01\/protestas-corridas-de-toros-1.png 1296w\" sizes=\"auto, (max-width: 1024px) 100vw, 1024px\" \/><\/figure>\n\n\n\n<figure class=\"wp-block-image size-large\"><img loading=\"lazy\" decoding=\"async\" width=\"1024\" height=\"683\" data-id=\"9611\" src=\"https:\/\/cronicadesoledad.com\/wp-content\/uploads\/2024\/01\/protestas-corridas-de-toros-2-1024x683.jpeg\" alt=\"\" class=\"wp-image-9611\" srcset=\"https:\/\/cronicadesoledad.com\/wp-content\/uploads\/2024\/01\/protestas-corridas-de-toros-2-1024x683.jpeg 1024w, https:\/\/cronicadesoledad.com\/wp-content\/uploads\/2024\/01\/protestas-corridas-de-toros-2-300x200.jpeg 300w, https:\/\/cronicadesoledad.com\/wp-content\/uploads\/2024\/01\/protestas-corridas-de-toros-2-768x512.jpeg 768w, https:\/\/cronicadesoledad.com\/wp-content\/uploads\/2024\/01\/protestas-corridas-de-toros-2-1536x1024.jpeg 1536w, https:\/\/cronicadesoledad.com\/wp-content\/uploads\/2024\/01\/protestas-corridas-de-toros-2-2048x1366.jpeg 2048w, https:\/\/cronicadesoledad.com\/wp-content\/uploads\/2024\/01\/protestas-corridas-de-toros-2-696x464.jpeg 696w, https:\/\/cronicadesoledad.com\/wp-content\/uploads\/2024\/01\/protestas-corridas-de-toros-2-1068x712.jpeg 1068w, https:\/\/cronicadesoledad.com\/wp-content\/uploads\/2024\/01\/protestas-corridas-de-toros-2-1920x1281.jpeg 1920w\" sizes=\"auto, (max-width: 1024px) 100vw, 1024px\" \/><\/figure>\n<\/figure>\n","protected":false},"excerpt":{"rendered":"<p>Menos de una semana dur\u00f3 el regreso de las corridas de toros a la capital.&nbsp; El juzgado del quinto distrito en materia administrativa, a trav\u00e9s de la jueza Sandra de Jes\u00fas Z\u00fa\u00f1iga, concedi\u00f3 la medida de la suspensi\u00f3n de las corridas de todos a la Asociaci\u00f3n Todas Todos por Amor a los Toros como parte [&hellip;]<\/p>\n","protected":false},"author":6,"featured_media":9613,"comment_status":"open","ping_status":"open","sticky":false,"template":"","format":"standard","meta":{"footnotes":""},"categories":[1,24],"tags":[498,1693,287,1692,613],"class_list":{"0":"post-9610","1":"post","2":"type-post","3":"status-publish","4":"format-standard","5":"has-post-thumbnail","7":"category-destacadas","8":"category-informacion-general","9":"tag-cdmx","10":"tag-corridas-de-toros","11":"tag-nacional","12":"tag-tauromaquia","13":"tag-toros"},"_links":{"self":[{"href":"https:\/\/cronicadesoledad.com\/index.php\/wp-json\/wp\/v2\/posts\/9610","targetHints":{"allow":["GET"]}}],"collection":[{"href":"https:\/\/cronicadesoledad.com\/index.php\/wp-json\/wp\/v2\/posts"}],"about":[{"href":"https:\/\/cronicadesoledad.com\/index.php\/wp-json\/wp\/v2\/types\/post"}],"author":[{"embeddable":true,"href":"https:\/\/cronicadesoledad.com\/index.php\/wp-json\/wp\/v2\/users\/6"}],"replies":[{"embeddable":true,"href":"https:\/\/cronicadesoledad.com\/index.php\/wp-json\/wp\/v2\/comments?post=9610"}],"version-history":[{"count":1,"href":"https:\/\/cronicadesoledad.com\/index.php\/wp-json\/wp\/v2\/posts\/9610\/revisions"}],"predecessor-version":[{"id":9614,"href":"https:\/\/cronicadesoledad.com\/index.php\/wp-json\/wp\/v2\/posts\/9610\/revisions\/9614"}],"wp:featuredmedia":[{"embeddable":true,"href":"https:\/\/cronicadesoledad.com\/index.php\/wp-json\/wp\/v2\/media\/9613"}],"wp:attachment":[{"href":"https:\/\/cronicadesoledad.com\/index.php\/wp-json\/wp\/v2\/media?parent=9610"}],"wp:term":[{"taxonomy":"category","embeddable":true,"href":"https:\/\/cronicadesoledad.com\/index.php\/wp-json\/wp\/v2\/categories?post=9610"},{"taxonomy":"post_tag","embeddable":true,"href":"https:\/\/cronicadesoledad.com\/index.php\/wp-json\/wp\/v2\/tags?post=9610"}],"curies":[{"name":"wp","href":"https:\/\/api.w.org\/{rel}","templated":true}]}}