{"id":9624,"date":"2024-01-31T13:30:00","date_gmt":"2024-01-31T19:30:00","guid":{"rendered":"https:\/\/cronicadesoledad.com\/?p=9624"},"modified":"2024-01-31T12:49:47","modified_gmt":"2024-01-31T18:49:47","slug":"el-arzobispo-luis-morales-reyes-se-encuentra-delicado-de-salud","status":"publish","type":"post","link":"https:\/\/cronicadesoledad.com\/index.php\/2024\/01\/31\/el-arzobispo-luis-morales-reyes-se-encuentra-delicado-de-salud\/","title":{"rendered":"El arzobispo Luis Morales Reyes se encuentra delicado de salud"},"content":{"rendered":"\n<p>El estado de salud del arzobispo em\u00e9rito de la Iglesia Cat\u00f3lica en San Luis Potos\u00ed, Luis Morales Reyes, es complicado, por lo que toda la comunidad feligresa y sacerdotal se unen en santa oraci\u00f3n por \u00e9l.<\/p>\n\n\n\n<p>Fue el pasado mes de julio del 2023, que el antiguo jerarca de la iglesia potosina inform\u00f3 al pueblo sobre su padecimiento de un c\u00e1ncer que le iba quitando progresivamente la salud. Ahora, medio a\u00f1o despu\u00e9s, se reporta como delicado, por lo que sacerdotes y hasta el actual arzobispo, Jorge Alberto Cavazos Arizpe, lo cuidan y lo asisten continuamente.<\/p>\n\n\n\n<p>La salud del Arzobispo Em\u00e9rito se encuentra en una situaci\u00f3n complicada desde 2022, sin embargo, en esas fecha acompa\u00f1\u00f3 a sus celebraciones al Arzobispo Jorge Alberto Cavazos. Con casi 25 a\u00f1os de trabajo por la iglesia, el Arzobispo Luis se encuentra entre los religiosos m\u00e1s influyentes del pa\u00eds.\u00a0<\/p>\n\n\n\n<p>Con informaci\u00f3n de C\u00f3digo San Luis. <\/p>\n","protected":false},"excerpt":{"rendered":"<p>El estado de salud del arzobispo em\u00e9rito de la Iglesia Cat\u00f3lica en San Luis Potos\u00ed, Luis Morales Reyes, es complicado, por lo que toda la comunidad feligresa y sacerdotal se unen en santa oraci\u00f3n por \u00e9l. Fue el pasado mes de julio del 2023, que el antiguo jerarca de la iglesia potosina inform\u00f3 al pueblo [&hellip;]<\/p>\n","protected":false},"author":6,"featured_media":9625,"comment_status":"open","ping_status":"open","sticky":false,"template":"","format":"standard","meta":{"footnotes":""},"categories":[30,1],"tags":[1697,1696,1698,294,261],"class_list":{"0":"post-9624","1":"post","2":"type-post","3":"status-publish","4":"format-standard","5":"has-post-thumbnail","7":"category-de-la-region-centro","8":"category-destacadas","9":"tag-arzobispo-luis-morales","10":"tag-arzobispo-slp","11":"tag-iglesia-slp","12":"tag-san-luis","13":"tag-slp"},"_links":{"self":[{"href":"https:\/\/cronicadesoledad.com\/index.php\/wp-json\/wp\/v2\/posts\/9624","targetHints":{"allow":["GET"]}}],"collection":[{"href":"https:\/\/cronicadesoledad.com\/index.php\/wp-json\/wp\/v2\/posts"}],"about":[{"href":"https:\/\/cronicadesoledad.com\/index.php\/wp-json\/wp\/v2\/types\/post"}],"author":[{"embeddable":true,"href":"https:\/\/cronicadesoledad.com\/index.php\/wp-json\/wp\/v2\/users\/6"}],"replies":[{"embeddable":true,"href":"https:\/\/cronicadesoledad.com\/index.php\/wp-json\/wp\/v2\/comments?post=9624"}],"version-history":[{"count":1,"href":"https:\/\/cronicadesoledad.com\/index.php\/wp-json\/wp\/v2\/posts\/9624\/revisions"}],"predecessor-version":[{"id":9626,"href":"https:\/\/cronicadesoledad.com\/index.php\/wp-json\/wp\/v2\/posts\/9624\/revisions\/9626"}],"wp:featuredmedia":[{"embeddable":true,"href":"https:\/\/cronicadesoledad.com\/index.php\/wp-json\/wp\/v2\/media\/9625"}],"wp:attachment":[{"href":"https:\/\/cronicadesoledad.com\/index.php\/wp-json\/wp\/v2\/media?parent=9624"}],"wp:term":[{"taxonomy":"category","embeddable":true,"href":"https:\/\/cronicadesoledad.com\/index.php\/wp-json\/wp\/v2\/categories?post=9624"},{"taxonomy":"post_tag","embeddable":true,"href":"https:\/\/cronicadesoledad.com\/index.php\/wp-json\/wp\/v2\/tags?post=9624"}],"curies":[{"name":"wp","href":"https:\/\/api.w.org\/{rel}","templated":true}]}}