{"id":9627,"date":"2024-02-01T12:00:00","date_gmt":"2024-02-01T18:00:00","guid":{"rendered":"https:\/\/cronicadesoledad.com\/?p=9627"},"modified":"2024-01-31T13:15:41","modified_gmt":"2024-01-31T19:15:41","slug":"la-sequia-en-mexico-continua-el-centro-y-el-norte-del-pais-son-los-mas-afectados","status":"publish","type":"post","link":"https:\/\/cronicadesoledad.com\/index.php\/2024\/02\/01\/la-sequia-en-mexico-continua-el-centro-y-el-norte-del-pais-son-los-mas-afectados\/","title":{"rendered":"La sequ\u00eda en M\u00e9xico continua, el centro y el norte del pa\u00eds son los m\u00e1s afectados\u00a0"},"content":{"rendered":"\n<h2 class=\"wp-block-heading\">Actualmente hay 2010 presas en M\u00e9xico, de ese total 117 se encuentran en un nivel inferior al 50%, adem\u00e1s solo ocho en le pa\u00eds est\u00e1n a su capacidad m\u00e1xima.&nbsp;<\/h2>\n\n\n\n<p>Seg\u00fan informaci\u00f3n prove\u00edda por el Comit\u00e9 T\u00e9cnico de Operaci\u00f3n de Obras Hidr\u00e1ulicas de la CONAGUA, el promedio de capacidad de las presas del pa\u00eds se encuentra 51%, un punto menos que la semana pasada.&nbsp;<\/p>\n\n\n\n<p>Seg\u00fan el informe anteriormente mencionado, a nivel nacional se encuentra en un promedio hist\u00f3rico con un d\u00e9ficit de 26%. A esta situaci\u00f3n se le acumulan las condiciones de sequ\u00eda extrema y excepcional en el noreste, noroeste y centro de M\u00e9xico.&nbsp;<\/p>\n\n\n\n<p>En la \u00faltima semana se han tenido que activar operativos emergentes para abastecer agua potable en la capital de San Luis Potos\u00ed y en la Ciudad de M\u00e9xico. Seg\u00fan un mapa elaborado por la misma comisi\u00f3n, coinciden las zonas de mayor grado de sequ\u00eda con las de menores niveles de las presas.&nbsp;<\/p>\n","protected":false},"excerpt":{"rendered":"<p>Actualmente hay 2010 presas en M\u00e9xico, de ese total 117 se encuentran en un nivel inferior al 50%, adem\u00e1s solo ocho en le pa\u00eds est\u00e1n a su capacidad m\u00e1xima.&nbsp; Seg\u00fan informaci\u00f3n prove\u00edda por el Comit\u00e9 T\u00e9cnico de Operaci\u00f3n de Obras Hidr\u00e1ulicas de la CONAGUA, el promedio de capacidad de las presas del pa\u00eds se encuentra [&hellip;]<\/p>\n","protected":false},"author":6,"featured_media":9628,"comment_status":"open","ping_status":"open","sticky":false,"template":"","format":"standard","meta":{"footnotes":""},"categories":[30,1],"tags":[530,287,294,1126,1699,261],"class_list":{"0":"post-9627","1":"post","2":"type-post","3":"status-publish","4":"format-standard","5":"has-post-thumbnail","7":"category-de-la-region-centro","8":"category-destacadas","9":"tag-agua","10":"tag-nacional","11":"tag-san-luis","12":"tag-sequia","13":"tag-sequia-en-mexico","14":"tag-slp"},"_links":{"self":[{"href":"https:\/\/cronicadesoledad.com\/index.php\/wp-json\/wp\/v2\/posts\/9627","targetHints":{"allow":["GET"]}}],"collection":[{"href":"https:\/\/cronicadesoledad.com\/index.php\/wp-json\/wp\/v2\/posts"}],"about":[{"href":"https:\/\/cronicadesoledad.com\/index.php\/wp-json\/wp\/v2\/types\/post"}],"author":[{"embeddable":true,"href":"https:\/\/cronicadesoledad.com\/index.php\/wp-json\/wp\/v2\/users\/6"}],"replies":[{"embeddable":true,"href":"https:\/\/cronicadesoledad.com\/index.php\/wp-json\/wp\/v2\/comments?post=9627"}],"version-history":[{"count":1,"href":"https:\/\/cronicadesoledad.com\/index.php\/wp-json\/wp\/v2\/posts\/9627\/revisions"}],"predecessor-version":[{"id":9629,"href":"https:\/\/cronicadesoledad.com\/index.php\/wp-json\/wp\/v2\/posts\/9627\/revisions\/9629"}],"wp:featuredmedia":[{"embeddable":true,"href":"https:\/\/cronicadesoledad.com\/index.php\/wp-json\/wp\/v2\/media\/9628"}],"wp:attachment":[{"href":"https:\/\/cronicadesoledad.com\/index.php\/wp-json\/wp\/v2\/media?parent=9627"}],"wp:term":[{"taxonomy":"category","embeddable":true,"href":"https:\/\/cronicadesoledad.com\/index.php\/wp-json\/wp\/v2\/categories?post=9627"},{"taxonomy":"post_tag","embeddable":true,"href":"https:\/\/cronicadesoledad.com\/index.php\/wp-json\/wp\/v2\/tags?post=9627"}],"curies":[{"name":"wp","href":"https:\/\/api.w.org\/{rel}","templated":true}]}}