{"id":9639,"date":"2024-01-31T21:00:00","date_gmt":"2024-02-01T03:00:00","guid":{"rendered":"https:\/\/cronicadesoledad.com\/?p=9639"},"modified":"2024-02-01T10:25:00","modified_gmt":"2024-02-01T16:25:00","slug":"atienden-solicitudes-para-venta-de-articulos-por-dia-de-san-valentin","status":"publish","type":"post","link":"https:\/\/cronicadesoledad.com\/index.php\/2024\/01\/31\/atienden-solicitudes-para-venta-de-articulos-por-dia-de-san-valentin\/","title":{"rendered":"Atienden solicitudes para venta de art\u00edculos por D\u00eda de San Valent\u00edn"},"content":{"rendered":"\n<p>Reafirmando el compromiso con el desarrollo econ\u00f3mico y sus impulsores en Soledad de Graciano S\u00e1nchez, la Direcci\u00f3n de Comercio del Ayuntamiento invita a las y los propietarios de comercios a presentar solicitudes de ampliaci\u00f3n de sus instalaciones para ofrecer productos relacionados con el D\u00eda del Amor y la Amistad, en calles de la Cabecera municipal y avenidas principales.<\/p>\n\n\n\n<p>Javier Rodr\u00edguez Contreras, director de Comercio, extern\u00f3 que en d\u00edas recientes se han acercado comerciantes a consultar informaci\u00f3n para llevar sus productos a las arterias viales que el \u00e1rea pondr\u00e1 a disposici\u00f3n; asimismo tambi\u00e9n se tienen solicitudes de establecimientos ubicados en la zona para extender su negocio a la v\u00eda p\u00fablica para ofrecer m\u00e1s productos alusivos a estas festividades.<\/p>\n\n\n\n<p>Destac\u00f3 que, como cada a\u00f1o, nuevamente ser\u00e1 la calle Matamoros ubicada en Cabecera municipal, el espacio disponible para que las y los comerciantes pongan a la venta una gran variedad de productos entre ellos flores, globos, chocolates, entre muchas cosas m\u00e1s que se pueden adquirir para regalar en este d\u00eda especial.&nbsp;<\/p>\n\n\n\n<p>Asimismo, afirm\u00f3 que, durante esta temporada, comercios ubicados en avenidas como Jos\u00e9 de G\u00e1lvez, Valent\u00edn Amador, de Cactus y otras experimentan un mayor movimiento comercial, por ello la Direcci\u00f3n a su cargo estar\u00e1 atenta a cualquier solicitud de las y los comerciantes establecidos en dicho per\u00edmetro.<\/p>\n\n\n\n<p>El funcionario invit\u00f3 a las y los interesados en ser parte de la tradicional venta de San Valent\u00edn a qu\u00e9 se acerquen a la Direcci\u00f3n de Comercio Municipal ubicada en calle Ignacio Aldama #112, en donde el \u00e1rea permanecer\u00e1 receptiva ante cualquier petici\u00f3n de informaci\u00f3n detallada sobre el proceso de solicitud y los requisitos necesarios.<\/p>\n","protected":false},"excerpt":{"rendered":"<p>Reafirmando el compromiso con el desarrollo econ\u00f3mico y sus impulsores en Soledad de Graciano S\u00e1nchez, la Direcci\u00f3n de Comercio del Ayuntamiento invita a las y los propietarios de comercios a presentar solicitudes de ampliaci\u00f3n de sus instalaciones para ofrecer productos relacionados con el D\u00eda del Amor y la Amistad, en calles de la Cabecera municipal [&hellip;]<\/p>\n","protected":false},"author":2,"featured_media":9640,"comment_status":"open","ping_status":"open","sticky":false,"template":"","format":"standard","meta":{"footnotes":""},"categories":[1,21],"tags":[1535,223,749,1707,1706,294,261,27,1091],"class_list":{"0":"post-9639","1":"post","2":"type-post","3":"status-publish","4":"format-standard","5":"has-post-thumbnail","7":"category-destacadas","8":"category-tu-soledad","9":"tag-14-de-febrero","10":"tag-ayuntamiento-soledense","11":"tag-comercios","12":"tag-dia-de-san-valentin","13":"tag-direccion-de-comercio-del-ayuntamiento","14":"tag-san-luis","15":"tag-slp","16":"tag-soledad","17":"tag-ventas"},"_links":{"self":[{"href":"https:\/\/cronicadesoledad.com\/index.php\/wp-json\/wp\/v2\/posts\/9639","targetHints":{"allow":["GET"]}}],"collection":[{"href":"https:\/\/cronicadesoledad.com\/index.php\/wp-json\/wp\/v2\/posts"}],"about":[{"href":"https:\/\/cronicadesoledad.com\/index.php\/wp-json\/wp\/v2\/types\/post"}],"author":[{"embeddable":true,"href":"https:\/\/cronicadesoledad.com\/index.php\/wp-json\/wp\/v2\/users\/2"}],"replies":[{"embeddable":true,"href":"https:\/\/cronicadesoledad.com\/index.php\/wp-json\/wp\/v2\/comments?post=9639"}],"version-history":[{"count":1,"href":"https:\/\/cronicadesoledad.com\/index.php\/wp-json\/wp\/v2\/posts\/9639\/revisions"}],"predecessor-version":[{"id":9641,"href":"https:\/\/cronicadesoledad.com\/index.php\/wp-json\/wp\/v2\/posts\/9639\/revisions\/9641"}],"wp:featuredmedia":[{"embeddable":true,"href":"https:\/\/cronicadesoledad.com\/index.php\/wp-json\/wp\/v2\/media\/9640"}],"wp:attachment":[{"href":"https:\/\/cronicadesoledad.com\/index.php\/wp-json\/wp\/v2\/media?parent=9639"}],"wp:term":[{"taxonomy":"category","embeddable":true,"href":"https:\/\/cronicadesoledad.com\/index.php\/wp-json\/wp\/v2\/categories?post=9639"},{"taxonomy":"post_tag","embeddable":true,"href":"https:\/\/cronicadesoledad.com\/index.php\/wp-json\/wp\/v2\/tags?post=9639"}],"curies":[{"name":"wp","href":"https:\/\/api.w.org\/{rel}","templated":true}]}}