{"id":9646,"date":"2024-02-01T13:00:00","date_gmt":"2024-02-01T19:00:00","guid":{"rendered":"https:\/\/cronicadesoledad.com\/?p=9646"},"modified":"2024-02-01T10:42:27","modified_gmt":"2024-02-01T16:42:27","slug":"el-hospital-central-no-puede-con-tantos-pacientes","status":"publish","type":"post","link":"https:\/\/cronicadesoledad.com\/index.php\/2024\/02\/01\/el-hospital-central-no-puede-con-tantos-pacientes\/","title":{"rendered":"El Hospital Central no puede con tantos pacientes"},"content":{"rendered":"\n<p>El Hospital Central Dr. Ignacio Morones Prieto no se da abasto con la alta demanda de pacientes. As\u00ed lo inform\u00f3 el director del nosocomio, Javier Alfonso Pinedo Onofre, tras negar el desabasto de medicamentos. Esto, luego de que madres de familia se manifestaran por falta de tratamientos oncol\u00f3gicos.<\/p>\n\n\n\n<p>Pinedo Onofre afirm\u00f3 que atendi\u00f3 a padres de familia inconformes por la falta de atenci\u00f3n a ni\u00f1os con c\u00e1ncer. Detall\u00f3 que el nosocomio opt\u00f3 por diferir las fechas de los tratamientos debido a la alza en la demanda de pacientes.<\/p>\n\n\n\n<p>Con esta declaraci\u00f3n, el director del Hospital Central expone la situaci\u00f3n que enfrenta este centro de salud, pues no es capaz de atender a todos los pacientes que llegan para pedir atenci\u00f3n m\u00e9dica, oblig\u00e1ndolos a postergar sus citas para recibir su tratamiento. Esto a pesar de que, en el lapso entre una cita y otra, su condici\u00f3n puede agravarse debido a la agresividad de algunas enfermedades.<\/p>\n\n\n\n<p>A\u00fan as\u00ed, Pinedo Onofre, insiste en que no hay escasez de medicamentos en el Hospital Central, sin embargo, no explica a qu\u00e9 se debe la incapacidad de atender a todos los pacientes; si se debe a la cantidad de personal, procesos administrativos o a la capacidad del propio nosocomio, que hace no mucho tiempo fue ampliado por el gobernador del Estado, Ricardo Gallardo Cardona.<\/p>\n\n\n\n<p>Con informaci\u00f3n de C\u00f3digo San Luis. <\/p>\n","protected":false},"excerpt":{"rendered":"<p>El Hospital Central Dr. Ignacio Morones Prieto no se da abasto con la alta demanda de pacientes. As\u00ed lo inform\u00f3 el director del nosocomio, Javier Alfonso Pinedo Onofre, tras negar el desabasto de medicamentos. Esto, luego de que madres de familia se manifestaran por falta de tratamientos oncol\u00f3gicos. Pinedo Onofre afirm\u00f3 que atendi\u00f3 a padres [&hellip;]<\/p>\n","protected":false},"author":6,"featured_media":9647,"comment_status":"open","ping_status":"open","sticky":false,"template":"","format":"standard","meta":{"footnotes":""},"categories":[30,1],"tags":[1372,269,1708,294,261],"class_list":{"0":"post-9646","1":"post","2":"type-post","3":"status-publish","4":"format-standard","5":"has-post-thumbnail","7":"category-de-la-region-centro","8":"category-destacadas","9":"tag-hospital-central","10":"tag-salud","11":"tag-salud-publica","12":"tag-san-luis","13":"tag-slp"},"_links":{"self":[{"href":"https:\/\/cronicadesoledad.com\/index.php\/wp-json\/wp\/v2\/posts\/9646","targetHints":{"allow":["GET"]}}],"collection":[{"href":"https:\/\/cronicadesoledad.com\/index.php\/wp-json\/wp\/v2\/posts"}],"about":[{"href":"https:\/\/cronicadesoledad.com\/index.php\/wp-json\/wp\/v2\/types\/post"}],"author":[{"embeddable":true,"href":"https:\/\/cronicadesoledad.com\/index.php\/wp-json\/wp\/v2\/users\/6"}],"replies":[{"embeddable":true,"href":"https:\/\/cronicadesoledad.com\/index.php\/wp-json\/wp\/v2\/comments?post=9646"}],"version-history":[{"count":1,"href":"https:\/\/cronicadesoledad.com\/index.php\/wp-json\/wp\/v2\/posts\/9646\/revisions"}],"predecessor-version":[{"id":9648,"href":"https:\/\/cronicadesoledad.com\/index.php\/wp-json\/wp\/v2\/posts\/9646\/revisions\/9648"}],"wp:featuredmedia":[{"embeddable":true,"href":"https:\/\/cronicadesoledad.com\/index.php\/wp-json\/wp\/v2\/media\/9647"}],"wp:attachment":[{"href":"https:\/\/cronicadesoledad.com\/index.php\/wp-json\/wp\/v2\/media?parent=9646"}],"wp:term":[{"taxonomy":"category","embeddable":true,"href":"https:\/\/cronicadesoledad.com\/index.php\/wp-json\/wp\/v2\/categories?post=9646"},{"taxonomy":"post_tag","embeddable":true,"href":"https:\/\/cronicadesoledad.com\/index.php\/wp-json\/wp\/v2\/tags?post=9646"}],"curies":[{"name":"wp","href":"https:\/\/api.w.org\/{rel}","templated":true}]}}