{"id":9663,"date":"2024-02-01T19:00:00","date_gmt":"2024-02-02T01:00:00","guid":{"rendered":"https:\/\/cronicadesoledad.com\/?p=9663"},"modified":"2024-02-01T19:10:33","modified_gmt":"2024-02-02T01:10:33","slug":"carnaval-el-amor-recorrera-calles-y-avenidas-soledenses","status":"publish","type":"post","link":"https:\/\/cronicadesoledad.com\/index.php\/2024\/02\/01\/carnaval-el-amor-recorrera-calles-y-avenidas-soledenses\/","title":{"rendered":"Carnaval El Amor, recorrer\u00e1 calles y avenidas soledenses"},"content":{"rendered":"\n<p>Con toda la ilusi\u00f3n, alegr\u00eda y diversi\u00f3n que trae consigo un Carnaval, Soledad de Graciano S\u00e1nchez se prepara para presentar la edici\u00f3n 2024 e invita a todos los y las habitantes a disfrutar este evento multitudinario, con el tema &#8220;El Amor: motor que mueve al mundo&#8221;, este domingo 11 de febrero.<\/p>\n\n\n\n<p>Esta fiesta que ser\u00e1 encabezada por una Reina tendr\u00e1 la participaci\u00f3n de m\u00e1s de 35 carros aleg\u00f3ricos, cuya decoraci\u00f3n ser\u00e1 inspirada en pel\u00edculas, series de televisi\u00f3n, telenovelas y canciones rom\u00e1nticas. Este a\u00f1o, el Carnaval abraza la diversidad sexual con un carro aleg\u00f3rico dedicado a la inclusi\u00f3n, demostrando que el amor se celebra en todas sus formas.<\/p>\n\n\n\n<p>Este mega Carnaval dejar\u00e1 una experiencia visual y musical \u00fanica para chicos y grandes, gracias a la participaci\u00f3n de comparsas tradicionales que fusionar\u00e1n arte y entretenimiento, mientras cruzan distintas vialidades.<\/p>\n\n\n\n<p>El desfile est\u00e1 programado para iniciar las 16:30 horas desde el estacionamiento del Teatro y Centro Cultural &#8220;Doroteo Arango&#8221;, recorriendo las colonias del oriente y centro de la ciudad como Residencial Pav\u00f3n, Valle de San Isidro, La Lomita, Pav\u00f3n Tercera Secci\u00f3n, Rancho Pav\u00f3n, Central de Maquinaria y lateral de carretera Matehuala, as\u00ed como calles del primer cuadro del municipio como lo son Blas Escontria y Miguel Hidalgo.<\/p>\n\n\n\n<p>A todas las familias se les exhorta a salir al trayecto de esta colorida actividad, sumarse a la alegr\u00eda que representa un Carnaval en el marco de las festividades de Pascua, siendo la d\u00e9cima edici\u00f3n en Soledad de Graciano S\u00e1nchez, cada una con diferente tem\u00e1tica.<\/p>\n\n\n\n<p>Cabe destacar que las \u00e1reas de Tr\u00e1nsito y Polic\u00eda Vial, Fuerzas Municipales y Protecci\u00f3n Civil Municipal garantizar\u00e1n el orden y el bienestar del contingente, adem\u00e1s de la ciudadan\u00eda que se sume a esta festiva actividad.<\/p>\n","protected":false},"excerpt":{"rendered":"<p>Con toda la ilusi\u00f3n, alegr\u00eda y diversi\u00f3n que trae consigo un Carnaval, Soledad de Graciano S\u00e1nchez se prepara para presentar la edici\u00f3n 2024 e invita a todos los y las habitantes a disfrutar este evento multitudinario, con el tema &#8220;El Amor: motor que mueve al mundo&#8221;, este domingo 11 de febrero. Esta fiesta que ser\u00e1 [&hellip;]<\/p>\n","protected":false},"author":2,"featured_media":9664,"comment_status":"open","ping_status":"open","sticky":false,"template":"","format":"standard","meta":{"footnotes":""},"categories":[24,21],"tags":[1535,223,1719,1707,1720,294,261,27],"class_list":{"0":"post-9663","1":"post","2":"type-post","3":"status-publish","4":"format-standard","5":"has-post-thumbnail","7":"category-informacion-general","8":"category-tu-soledad","9":"tag-14-de-febrero","10":"tag-ayuntamiento-soledense","11":"tag-carnaval","12":"tag-dia-de-san-valentin","13":"tag-el-amor","14":"tag-san-luis","15":"tag-slp","16":"tag-soledad"},"_links":{"self":[{"href":"https:\/\/cronicadesoledad.com\/index.php\/wp-json\/wp\/v2\/posts\/9663","targetHints":{"allow":["GET"]}}],"collection":[{"href":"https:\/\/cronicadesoledad.com\/index.php\/wp-json\/wp\/v2\/posts"}],"about":[{"href":"https:\/\/cronicadesoledad.com\/index.php\/wp-json\/wp\/v2\/types\/post"}],"author":[{"embeddable":true,"href":"https:\/\/cronicadesoledad.com\/index.php\/wp-json\/wp\/v2\/users\/2"}],"replies":[{"embeddable":true,"href":"https:\/\/cronicadesoledad.com\/index.php\/wp-json\/wp\/v2\/comments?post=9663"}],"version-history":[{"count":1,"href":"https:\/\/cronicadesoledad.com\/index.php\/wp-json\/wp\/v2\/posts\/9663\/revisions"}],"predecessor-version":[{"id":9665,"href":"https:\/\/cronicadesoledad.com\/index.php\/wp-json\/wp\/v2\/posts\/9663\/revisions\/9665"}],"wp:featuredmedia":[{"embeddable":true,"href":"https:\/\/cronicadesoledad.com\/index.php\/wp-json\/wp\/v2\/media\/9664"}],"wp:attachment":[{"href":"https:\/\/cronicadesoledad.com\/index.php\/wp-json\/wp\/v2\/media?parent=9663"}],"wp:term":[{"taxonomy":"category","embeddable":true,"href":"https:\/\/cronicadesoledad.com\/index.php\/wp-json\/wp\/v2\/categories?post=9663"},{"taxonomy":"post_tag","embeddable":true,"href":"https:\/\/cronicadesoledad.com\/index.php\/wp-json\/wp\/v2\/tags?post=9663"}],"curies":[{"name":"wp","href":"https:\/\/api.w.org\/{rel}","templated":true}]}}