{"id":9700,"date":"2024-02-05T20:00:00","date_gmt":"2024-02-06T02:00:00","guid":{"rendered":"https:\/\/cronicadesoledad.com\/?p=9700"},"modified":"2024-02-05T17:59:26","modified_gmt":"2024-02-05T23:59:26","slug":"invitan-a-jovenes-a-presenciar-conferencia-de-emprendedor-internacional","status":"publish","type":"post","link":"https:\/\/cronicadesoledad.com\/index.php\/2024\/02\/05\/invitan-a-jovenes-a-presenciar-conferencia-de-emprendedor-internacional\/","title":{"rendered":"Invitan a j\u00f3venes a presenciar conferencia de emprendedor internacional"},"content":{"rendered":"\n<p>El Instituto Municipal de la Juventud de Soledad de Graciano S\u00e1nchez, en colaboraci\u00f3n con el Instituto Tecnol\u00f3gico Regional de San Luis Potos\u00ed, invita a la comunidad juvenil a participar en una conferencia magistral el pr\u00f3ximo viernes 9 de febrero en las instalaciones de dicha instituci\u00f3n, impartida por el reconocido y joven empresario Daniel G\u00f3mez \u00cd\u00f1iguez, destacado a nivel mundial y considerado por la revista Forbes.<\/p>\n\n\n\n<p>As\u00ed lo inform\u00f3 el titular del Instituto Municipal de la Juventud, Gerardo Sosa de Torres, quien explic\u00f3 que esta es una gran oportunidad para las y los j\u00f3venes soledenses a ser parte de una charla de automotivaci\u00f3n e impulso del emprendimiento, puesto que G\u00f3mez \u00cd\u00f1iguez es fundador de la empresa biodi\u00e9sel Solben, la cual produce el 80 por ciento de este recurso en M\u00e9xico.<\/p>\n\n\n\n<p>Adem\u00e1s, este emprendedor mexicano es autor del libro &#8220;Lo Abstracto de Aprender&#8221; y sus logros lo ha llevado a ser un referente en el \u00e1mbito empresarial, reconocido en la lista Forbes en el a\u00f1o 2015; su experiencia en tecnolog\u00eda para la producci\u00f3n de biodiesel en M\u00e9xico lo convierten en un conferencista invaluable, a\u00f1adi\u00f3 el funcionario.<\/p>\n\n\n\n<p>Gerardo Sosa de Torres destac\u00f3 la importancia de esta oportunidad \u00fanica para aprender y aprehender herramientas de negocios y finanzas, adem\u00e1s de superaci\u00f3n personal de un l\u00edder global, por ello, invita a las y los j\u00f3venes a asistir a las 13:00 horas de ese d\u00eda, y aprovechar la experiencia de G\u00f3mez \u00cd\u00f1iguez, quien ha participado en m\u00e1s de mil 200 conferencias a nivel nacional e internacional.<\/p>\n\n\n\n<p>Afirm\u00f3 que para el Ayuntamiento de Soledad de Graciano S\u00e1nchez es un orgullo recibir a un empresario inspirador que se ha convertido en un referente para la juventud a nivel nacional; agradeci\u00f3 al Instituto Tecnol\u00f3gico Regional de San Luis Potos\u00ed por las facilidades prestadas para la realizaci\u00f3n&nbsp; de este evento e invit\u00f3 a las y los j\u00f3venes soledenses comunicarse al 444 828 8959 para obtener mayor informaci\u00f3n del evento.<\/p>\n","protected":false},"excerpt":{"rendered":"<p>El Instituto Municipal de la Juventud de Soledad de Graciano S\u00e1nchez, en colaboraci\u00f3n con el Instituto Tecnol\u00f3gico Regional de San Luis Potos\u00ed, invita a la comunidad juvenil a participar en una conferencia magistral el pr\u00f3ximo viernes 9 de febrero en las instalaciones de dicha instituci\u00f3n, impartida por el reconocido y joven empresario Daniel G\u00f3mez \u00cd\u00f1iguez, [&hellip;]<\/p>\n","protected":false},"author":2,"featured_media":9701,"comment_status":"open","ping_status":"open","sticky":false,"template":"","format":"standard","meta":{"footnotes":""},"categories":[24,21],"tags":[81,223,930,1729,29,294,261,27],"class_list":{"0":"post-9700","1":"post","2":"type-post","3":"status-publish","4":"format-standard","5":"has-post-thumbnail","7":"category-informacion-general","8":"category-tu-soledad","9":"tag-alcaldesa-soledense","10":"tag-ayuntamiento-soledense","11":"tag-conferencia","12":"tag-emprendedor-internacional","13":"tag-leonor-noyola","14":"tag-san-luis","15":"tag-slp","16":"tag-soledad"},"_links":{"self":[{"href":"https:\/\/cronicadesoledad.com\/index.php\/wp-json\/wp\/v2\/posts\/9700","targetHints":{"allow":["GET"]}}],"collection":[{"href":"https:\/\/cronicadesoledad.com\/index.php\/wp-json\/wp\/v2\/posts"}],"about":[{"href":"https:\/\/cronicadesoledad.com\/index.php\/wp-json\/wp\/v2\/types\/post"}],"author":[{"embeddable":true,"href":"https:\/\/cronicadesoledad.com\/index.php\/wp-json\/wp\/v2\/users\/2"}],"replies":[{"embeddable":true,"href":"https:\/\/cronicadesoledad.com\/index.php\/wp-json\/wp\/v2\/comments?post=9700"}],"version-history":[{"count":1,"href":"https:\/\/cronicadesoledad.com\/index.php\/wp-json\/wp\/v2\/posts\/9700\/revisions"}],"predecessor-version":[{"id":9702,"href":"https:\/\/cronicadesoledad.com\/index.php\/wp-json\/wp\/v2\/posts\/9700\/revisions\/9702"}],"wp:featuredmedia":[{"embeddable":true,"href":"https:\/\/cronicadesoledad.com\/index.php\/wp-json\/wp\/v2\/media\/9701"}],"wp:attachment":[{"href":"https:\/\/cronicadesoledad.com\/index.php\/wp-json\/wp\/v2\/media?parent=9700"}],"wp:term":[{"taxonomy":"category","embeddable":true,"href":"https:\/\/cronicadesoledad.com\/index.php\/wp-json\/wp\/v2\/categories?post=9700"},{"taxonomy":"post_tag","embeddable":true,"href":"https:\/\/cronicadesoledad.com\/index.php\/wp-json\/wp\/v2\/tags?post=9700"}],"curies":[{"name":"wp","href":"https:\/\/api.w.org\/{rel}","templated":true}]}}