{"id":9718,"date":"2024-02-07T19:00:00","date_gmt":"2024-02-08T01:00:00","guid":{"rendered":"https:\/\/cronicadesoledad.com\/?p=9718"},"modified":"2024-02-07T19:16:11","modified_gmt":"2024-02-08T01:16:11","slug":"apoyaran-a-poblacion-vulnerable-ante-frente-frio-33","status":"publish","type":"post","link":"https:\/\/cronicadesoledad.com\/index.php\/2024\/02\/07\/apoyaran-a-poblacion-vulnerable-ante-frente-frio-33\/","title":{"rendered":"Apoyar\u00e1n a poblaci\u00f3n vulnerable ante frente fr\u00edo 33"},"content":{"rendered":"\n<p>Debido a la presencia y paso del frente fr\u00edo n\u00famero 33, que ha generado temperaturas extremadamente bajas en el pa\u00eds, la Coordinaci\u00f3n Municipal de Protecci\u00f3n Civil de Soledad de Graciano S\u00e1nchez, se encuentra en alerta para actuar ante posibles contingencias en pr\u00f3ximas horas y apoyar a la poblaci\u00f3n vulnerable, inform\u00f3 el titular de la dependencia, Mart\u00edn Bravo Galicia.<\/p>\n\n\n\n<p>Seg\u00fan el funcionario, para el d\u00eda jueves se pronostica un amanecer con temperaturas de alrededor de un grado cent\u00edgrado, y record\u00f3 que, de acuerdo al Sistema Meteorol\u00f3gico Nacional, para esta temporada se tiene prevista la llegada de un total de 57 frentes fr\u00edos a la localidad.<\/p>\n\n\n\n<p>Indic\u00f3 que los d\u00edas martes y mi\u00e9rcoles se registraron temperaturas de tres grados cent\u00edgrados al amanecer, anticipando una disminuci\u00f3n significativa para este pr\u00f3ximo jueves, por ello se hace un llamado a las y los padres de familia para que lleven a sus hijas e hijos debidamente abrigados a sus centros educativos, con el fin de prevenir complicaciones en su salud.<\/p>\n\n\n\n<p>El responsable de Protecci\u00f3n Civil en el municipio destac\u00f3 que los operativos para identificar a personas en situaci\u00f3n de calle se mantendr\u00e1n activos, con el objetivo de salvaguardar la integridad de aquellos que se encuentran en esta situaci\u00f3n de vulnerabilidad: \u201cel pasado mes de enero, brindamos ayuda a tres personas en esta situaci\u00f3n en avenidas principales del municipio\u201d.<\/p>\n\n\n\n<p>Recomend\u00f3 a la poblaci\u00f3n en general seguir las indicaciones de Protecci\u00f3n Civil y autoridades de Salud, a trav\u00e9s de v\u00edas oficiales, y mantenerse informada ante cualquier cambio en las condiciones meteorol\u00f3gicas. A\u00f1adi\u00f3 que la coordinaci\u00f3n continuar\u00e1 monitoreando la evoluci\u00f3n del clima y brindar\u00e1 actualizaciones peri\u00f3dicas a la comunidad.<\/p>\n","protected":false},"excerpt":{"rendered":"<p>Debido a la presencia y paso del frente fr\u00edo n\u00famero 33, que ha generado temperaturas extremadamente bajas en el pa\u00eds, la Coordinaci\u00f3n Municipal de Protecci\u00f3n Civil de Soledad de Graciano S\u00e1nchez, se encuentra en alerta para actuar ante posibles contingencias en pr\u00f3ximas horas y apoyar a la poblaci\u00f3n vulnerable, inform\u00f3 el titular de la dependencia, [&hellip;]<\/p>\n","protected":false},"author":2,"featured_media":9719,"comment_status":"open","ping_status":"open","sticky":false,"template":"","format":"standard","meta":{"footnotes":""},"categories":[24,21],"tags":[446,223,381,1745,403,1746,582,294,261,27],"class_list":{"0":"post-9718","1":"post","2":"type-post","3":"status-publish","4":"format-standard","5":"has-post-thumbnail","7":"category-informacion-general","8":"category-tu-soledad","9":"tag-apoyo","10":"tag-ayuntamiento-soledense","11":"tag-frente-frio","12":"tag-frente-frio-33","13":"tag-frio","14":"tag-poblacion-vulnerable","15":"tag-prevencion","16":"tag-san-luis","17":"tag-slp","18":"tag-soledad"},"_links":{"self":[{"href":"https:\/\/cronicadesoledad.com\/index.php\/wp-json\/wp\/v2\/posts\/9718","targetHints":{"allow":["GET"]}}],"collection":[{"href":"https:\/\/cronicadesoledad.com\/index.php\/wp-json\/wp\/v2\/posts"}],"about":[{"href":"https:\/\/cronicadesoledad.com\/index.php\/wp-json\/wp\/v2\/types\/post"}],"author":[{"embeddable":true,"href":"https:\/\/cronicadesoledad.com\/index.php\/wp-json\/wp\/v2\/users\/2"}],"replies":[{"embeddable":true,"href":"https:\/\/cronicadesoledad.com\/index.php\/wp-json\/wp\/v2\/comments?post=9718"}],"version-history":[{"count":1,"href":"https:\/\/cronicadesoledad.com\/index.php\/wp-json\/wp\/v2\/posts\/9718\/revisions"}],"predecessor-version":[{"id":9720,"href":"https:\/\/cronicadesoledad.com\/index.php\/wp-json\/wp\/v2\/posts\/9718\/revisions\/9720"}],"wp:featuredmedia":[{"embeddable":true,"href":"https:\/\/cronicadesoledad.com\/index.php\/wp-json\/wp\/v2\/media\/9719"}],"wp:attachment":[{"href":"https:\/\/cronicadesoledad.com\/index.php\/wp-json\/wp\/v2\/media?parent=9718"}],"wp:term":[{"taxonomy":"category","embeddable":true,"href":"https:\/\/cronicadesoledad.com\/index.php\/wp-json\/wp\/v2\/categories?post=9718"},{"taxonomy":"post_tag","embeddable":true,"href":"https:\/\/cronicadesoledad.com\/index.php\/wp-json\/wp\/v2\/tags?post=9718"}],"curies":[{"name":"wp","href":"https:\/\/api.w.org\/{rel}","templated":true}]}}