{"id":9738,"date":"2024-02-08T19:00:00","date_gmt":"2024-02-09T01:00:00","guid":{"rendered":"https:\/\/cronicadesoledad.com\/?p=9738"},"modified":"2024-02-08T21:22:13","modified_gmt":"2024-02-09T03:22:13","slug":"escuela-segura-llega-a-37-planteles-de-educacion-basica","status":"publish","type":"post","link":"https:\/\/cronicadesoledad.com\/index.php\/2024\/02\/08\/escuela-segura-llega-a-37-planteles-de-educacion-basica\/","title":{"rendered":"\u201cEscuela Segura\u201d llega a 37 planteles de educaci\u00f3n b\u00e1sica"},"content":{"rendered":"\n<p>Abonando a la salvaguarda de la seguridad integral de las y los estudiantes de Soledad de Graciano S\u00e1nchez, la Alcaldesa, Leonor Noyola Cervantes encabez\u00f3 la ceremonia de inicio de la edici\u00f3n n\u00famero 37 del programa &#8220;Escuela Segura, Sigamos Adelante&#8221;, evento realizado la ma\u00f1ana de este jueves en la escuela primaria &#8220;M\u00e1rtires de R\u00edo Blanco&#8221; en la colonia Fidel Vel\u00e1zquez, acompa\u00f1ada de representantes de distintas corporaciones de seguridad y autoridades municipales y educativas locales.<\/p>\n\n\n\n<p>Ante alumnos y alumnas, la edil soledense resalt\u00f3 la importancia que ha adquirido esta iniciativa que hoy se fortalece con la inclusi\u00f3n de nuevas dependencias estatales como lo es el Centro de Justicia para Mujeres, y a\u00f1adi\u00f3 que \u201cEscuela Segura\u201d busca fortalecer acciones preventivas y tambi\u00e9n brindar atenci\u00f3n a situaciones de riesgo entre el alumnado, directivo y docentes y padres y madres de familia, tras reconocer que Soledad de Graciano S\u00e1nchez se enorgullece de ser pionero en este esfuerzo dedicado a crear un entorno educativo seguro.<\/p>\n\n\n\n<p>Reconoci\u00f3 con satisfacci\u00f3n que desde el lanzamiento del programa a mediados de 2022 a la fecha, se han obtenido resultados tangibles gracias a la colaboraci\u00f3n ejemplar de diversas instancias municipales y estatales; agreg\u00f3 que con programas como \u00e9ste, Soledad de Graciano S\u00e1nchez reafirma su compromiso inquebrantable con la seguridad y bienestar de sus estudiantes, consolidando a la comunidad como un ejemplo a seguir en la implementaci\u00f3n de programas que resguardan la integridad de la juventud soledense.<\/p>\n\n\n\n<p>Personal del Ej\u00e9rcito Mexicano realiz\u00f3 actividades de proximidad con binomios caninos, como parte de una demostraci\u00f3n sobre las capacidades y habilidades de los canes en la identificaci\u00f3n de sustancias prohibidas, lo cual fortalece a las acciones de las corporaciones de seguridad en la prevenci\u00f3n y disuasi\u00f3n de actos il\u00edcitos.<\/p>\n\n\n\n<p>Por su parte, Juan Carlos Bautista, director del plantel educativo agradeci\u00f3 el apoyo otorgado por parte del municipio en materia de seguridad p\u00fablica, celebr\u00f3 que se realicen actividades de prevenci\u00f3n y fomenten los valores y la uni\u00f3n familiar, lo cual permite eliminar riesgos para las y los ni\u00f1os \u201csiempre ser\u00e1n bienvenidos a unirse en el fortalecimiento de las mejoras en cualquier rubro que sea ben\u00e9fico de la comunidad educativa\u201d, dijo.<\/p>\n\n\n\n<p>En esta ceremonia destac\u00f3 la colaboraci\u00f3n de dependencias como Derechos Humanos, Guardia Civil Estatal, Proximidad Social del municipio, Unidad de Atenci\u00f3n a la Violencia Intrafamiliar (UAVI); Sistema Estatal y Municipal para el Desarrollo Integral de la Familia (DIF), entre otras. La presencia activa de estas entidades, seg\u00fan Noyola Cervantes, refuerza el compromiso conjunto de crear un entorno educativo seguro y protector para las generaciones futuras.<\/p>\n\n\n\n<p>Adem\u00e1s, en el evento, se cont\u00f3 con la participaci\u00f3n del secretario General del Ayuntamiento, Ernesto Jes\u00fas Barajas \u00c1brego; la contralora municipal, Mariana S\u00e1nchez Mart\u00ednez; el Oficial Mayor, Alejandro Serrano Cortes; la presidenta del DIF Municipal, Mar\u00eda del Pilar Cardona; jefes de Seguridad P\u00fablica Municipal; el titular de Educaci\u00f3n Municipal, Jos\u00e9 Juan Castro Castillo; as\u00ed como autoridades militares y escolares.<\/p>\n","protected":false},"excerpt":{"rendered":"<p>Abonando a la salvaguarda de la seguridad integral de las y los estudiantes de Soledad de Graciano S\u00e1nchez, la Alcaldesa, Leonor Noyola Cervantes encabez\u00f3 la ceremonia de inicio de la edici\u00f3n n\u00famero 37 del programa &#8220;Escuela Segura, Sigamos Adelante&#8221;, evento realizado la ma\u00f1ana de este jueves en la escuela primaria &#8220;M\u00e1rtires de R\u00edo Blanco&#8221; en [&hellip;]<\/p>\n","protected":false},"author":2,"featured_media":9739,"comment_status":"open","ping_status":"open","sticky":false,"template":"","format":"standard","meta":{"footnotes":""},"categories":[1,24,19],"tags":[81,223,253,29,294,276,261,27],"class_list":{"0":"post-9738","1":"post","2":"type-post","3":"status-publish","4":"format-standard","5":"has-post-thumbnail","7":"category-destacadas","8":"category-informacion-general","9":"category-seguridad","10":"tag-alcaldesa-soledense","11":"tag-ayuntamiento-soledense","12":"tag-escuela-segura","13":"tag-leonor-noyola","14":"tag-san-luis","15":"tag-seguridad","16":"tag-slp","17":"tag-soledad"},"_links":{"self":[{"href":"https:\/\/cronicadesoledad.com\/index.php\/wp-json\/wp\/v2\/posts\/9738","targetHints":{"allow":["GET"]}}],"collection":[{"href":"https:\/\/cronicadesoledad.com\/index.php\/wp-json\/wp\/v2\/posts"}],"about":[{"href":"https:\/\/cronicadesoledad.com\/index.php\/wp-json\/wp\/v2\/types\/post"}],"author":[{"embeddable":true,"href":"https:\/\/cronicadesoledad.com\/index.php\/wp-json\/wp\/v2\/users\/2"}],"replies":[{"embeddable":true,"href":"https:\/\/cronicadesoledad.com\/index.php\/wp-json\/wp\/v2\/comments?post=9738"}],"version-history":[{"count":1,"href":"https:\/\/cronicadesoledad.com\/index.php\/wp-json\/wp\/v2\/posts\/9738\/revisions"}],"predecessor-version":[{"id":9740,"href":"https:\/\/cronicadesoledad.com\/index.php\/wp-json\/wp\/v2\/posts\/9738\/revisions\/9740"}],"wp:featuredmedia":[{"embeddable":true,"href":"https:\/\/cronicadesoledad.com\/index.php\/wp-json\/wp\/v2\/media\/9739"}],"wp:attachment":[{"href":"https:\/\/cronicadesoledad.com\/index.php\/wp-json\/wp\/v2\/media?parent=9738"}],"wp:term":[{"taxonomy":"category","embeddable":true,"href":"https:\/\/cronicadesoledad.com\/index.php\/wp-json\/wp\/v2\/categories?post=9738"},{"taxonomy":"post_tag","embeddable":true,"href":"https:\/\/cronicadesoledad.com\/index.php\/wp-json\/wp\/v2\/tags?post=9738"}],"curies":[{"name":"wp","href":"https:\/\/api.w.org\/{rel}","templated":true}]}}