{"id":9747,"date":"2024-02-08T22:00:00","date_gmt":"2024-02-09T04:00:00","guid":{"rendered":"https:\/\/cronicadesoledad.com\/?p=9747"},"modified":"2024-02-08T21:34:20","modified_gmt":"2024-02-09T03:34:20","slug":"coordinacion-de-derechos-humanos-brinda-salud-a-policias-municipales","status":"publish","type":"post","link":"https:\/\/cronicadesoledad.com\/index.php\/2024\/02\/08\/coordinacion-de-derechos-humanos-brinda-salud-a-policias-municipales\/","title":{"rendered":"Coordinaci\u00f3n de derechos humanos brinda salud a polic\u00edas municipales"},"content":{"rendered":"\n<p>Con el objetivo de garantizar oficiales mejor preparados para desempe\u00f1ar su trabajo y con las herramientas y atenci\u00f3n necesarias para llevarlas a cabo de forma plena, la Coordinaci\u00f3n de Derechos Humanos del Ayuntamiento de Soledad de Graciano S\u00e1nchez comenz\u00f3 con una jornada de salud integral para oficiales de Seguridad P\u00fablica y Tr\u00e1nsito Municipal, que constar\u00e1 de atenci\u00f3n m\u00e9dica, psicol\u00f3gica y de nutrici\u00f3n, que se realizar\u00e1 durante el mes de febrero.<\/p>\n\n\n\n<p>Las atenciones integrales ofrecidas para agentes de la corporaci\u00f3n municipal iniciaron la ma\u00f1ana de este mi\u00e9rcoles, donde acompa\u00f1aron el protocolo de bienvenida la responsable del \u00e1rea de Derechos Humanos, Jazm\u00edn Oviedo Loredo, en representaci\u00f3n del Director General de Seguridad P\u00fablica, comisario H\u00e9ctor \u00c9dgar Mar del \u00c1ngel; el Director de Fuerzas Municipales, comandante Jorge Ram\u00edrez Leyva, adem\u00e1s del Director de Tr\u00e1nsito y Polic\u00eda Vial, Enrique L\u00f3pez Hurtado, teniendo como invitada a la Primera Visitadora General de la Comisi\u00f3n Estatal de Derechos Humanos (CEDH), Laura Aguilar P\u00e9rez.<\/p>\n\n\n\n<p>La titular del \u00e1rea Jazm\u00edn Oviedo Loredo, explic\u00f3 que la jornada de salud busca que las y los polic\u00edas de la corporaci\u00f3n municipal tengan acceso a una valoraci\u00f3n m\u00e9dica con revisi\u00f3n de glucosa, presi\u00f3n, entre otras, para determinar su condici\u00f3n de salud, y en caso de detectar alguna situaci\u00f3n de gravedad sean vinculados a una atenci\u00f3n especializada.<\/p>\n\n\n\n<p>Tambi\u00e9n se les brind\u00f3 una intervenci\u00f3n de parte del psic\u00f3logo de la coordinaci\u00f3n de Derechos Humanos, enfocada al control de emociones a la cual se le dar\u00e1 seguimiento, y tambi\u00e9n recibieron una consulta nutricional para guiarlos a que sigan una alimentaci\u00f3n sana y balanceada para que desempe\u00f1en su labor de la mejor manera posible.<\/p>\n\n\n\n<p>&#8220;La jornada durar\u00e1 un mes y por semana estaremos atendiendo a un grupo de oficiales distintos, hoy comenzamos con personal administrativo y seguiremos con el operativo, tendremos el apoyo de psic\u00f3logos del ayuntamiento y de personal del servicio m\u00e9dico, lo que queremos es que nuestros polic\u00edas tengan todo lo necesario para servir de forma integral a la ciudadan\u00eda y con ello que tambi\u00e9n tengan una buena salud en beneficio propio&#8221;, dijo Jazm\u00edn Oviedo.<\/p>\n","protected":false},"excerpt":{"rendered":"<p>Con el objetivo de garantizar oficiales mejor preparados para desempe\u00f1ar su trabajo y con las herramientas y atenci\u00f3n necesarias para llevarlas a cabo de forma plena, la Coordinaci\u00f3n de Derechos Humanos del Ayuntamiento de Soledad de Graciano S\u00e1nchez comenz\u00f3 con una jornada de salud integral para oficiales de Seguridad P\u00fablica y Tr\u00e1nsito Municipal, que constar\u00e1 [&hellip;]<\/p>\n","protected":false},"author":2,"featured_media":9748,"comment_status":"open","ping_status":"open","sticky":false,"template":"","format":"standard","meta":{"footnotes":""},"categories":[24,21],"tags":[223,285,1760,269,294,276,261,27],"class_list":{"0":"post-9747","1":"post","2":"type-post","3":"status-publish","4":"format-standard","5":"has-post-thumbnail","7":"category-informacion-general","8":"category-tu-soledad","9":"tag-ayuntamiento-soledense","10":"tag-derechos-humanos","11":"tag-policias-municipales","12":"tag-salud","13":"tag-san-luis","14":"tag-seguridad","15":"tag-slp","16":"tag-soledad"},"_links":{"self":[{"href":"https:\/\/cronicadesoledad.com\/index.php\/wp-json\/wp\/v2\/posts\/9747","targetHints":{"allow":["GET"]}}],"collection":[{"href":"https:\/\/cronicadesoledad.com\/index.php\/wp-json\/wp\/v2\/posts"}],"about":[{"href":"https:\/\/cronicadesoledad.com\/index.php\/wp-json\/wp\/v2\/types\/post"}],"author":[{"embeddable":true,"href":"https:\/\/cronicadesoledad.com\/index.php\/wp-json\/wp\/v2\/users\/2"}],"replies":[{"embeddable":true,"href":"https:\/\/cronicadesoledad.com\/index.php\/wp-json\/wp\/v2\/comments?post=9747"}],"version-history":[{"count":1,"href":"https:\/\/cronicadesoledad.com\/index.php\/wp-json\/wp\/v2\/posts\/9747\/revisions"}],"predecessor-version":[{"id":9749,"href":"https:\/\/cronicadesoledad.com\/index.php\/wp-json\/wp\/v2\/posts\/9747\/revisions\/9749"}],"wp:featuredmedia":[{"embeddable":true,"href":"https:\/\/cronicadesoledad.com\/index.php\/wp-json\/wp\/v2\/media\/9748"}],"wp:attachment":[{"href":"https:\/\/cronicadesoledad.com\/index.php\/wp-json\/wp\/v2\/media?parent=9747"}],"wp:term":[{"taxonomy":"category","embeddable":true,"href":"https:\/\/cronicadesoledad.com\/index.php\/wp-json\/wp\/v2\/categories?post=9747"},{"taxonomy":"post_tag","embeddable":true,"href":"https:\/\/cronicadesoledad.com\/index.php\/wp-json\/wp\/v2\/tags?post=9747"}],"curies":[{"name":"wp","href":"https:\/\/api.w.org\/{rel}","templated":true}]}}