{"id":9763,"date":"2024-02-12T20:00:00","date_gmt":"2024-02-13T02:00:00","guid":{"rendered":"https:\/\/cronicadesoledad.com\/?p=9763"},"modified":"2024-02-12T17:49:59","modified_gmt":"2024-02-12T23:49:59","slug":"ofreceran-mas-de-tres-mil-vacantes-en-proximas-expo-empleo","status":"publish","type":"post","link":"https:\/\/cronicadesoledad.com\/index.php\/2024\/02\/12\/ofreceran-mas-de-tres-mil-vacantes-en-proximas-expo-empleo\/","title":{"rendered":"Ofrecer\u00e1n m\u00e1s de tres mil vacantes en pr\u00f3ximas Expo Empleo"},"content":{"rendered":"\n<p>Con iniciativas para fortalecer las oportunidades de empleo y contribuir a la econom\u00eda de las familias para las y los habitantes de Soledad de Graciano S\u00e1nchez, la Direcci\u00f3n de Desarrollo Econ\u00f3mico contin\u00faa implementando estrategias para la creaci\u00f3n de espacios de interacci\u00f3n laboral, inform\u00f3 F\u00e9lix Gerardo Herrera Ortega, titular de la dependencia municipal.<\/p>\n\n\n\n<p>En este sentido, detall\u00f3 que se preparan dos importantes Ferias del Empleo que se llevar\u00e1n a cabo en los pr\u00f3ximos meses de marzo y abril, lo que representan una oportunidad para muchas personas del municipio, quienes tendr\u00e1n contacto directo con buscadores de empleo con compa\u00f1\u00edas de diferentes sectores, especialmente de la Zona Industrial.<\/p>\n\n\n\n<p>Destac\u00f3 que, con un firme compromiso hacia la legalidad y transparencia, el Ayuntamiento garantiza que todas las vacantes ofertadas en estos masivos de ofrecimiento laboral cuenten con certeza jur\u00eddica, lo que significa que cada oportunidad de empleo sigue rigurosamente las normativas laborales establecidas, proporcionando seguridad y confianza tanto a empleadores como a potenciales empleados.<\/p>\n\n\n\n<p>Asimismo, resalt\u00f3 que en la Expo Empleo del mes de abril dar\u00e1 cabida a m\u00e1s de 150 empresas y se espera que la diversidad de los sectores participantes abra posibilidades con m\u00e1s de tres mil fuentes de empleo disponibles, una cantidad significativa que promete impactar en la econom\u00eda local, pero tambi\u00e9n en la calidad de vida de las y los soledenses.<\/p>\n\n\n\n<p>Adem\u00e1s, record\u00f3 que se mantiene en marcha una iniciativa constante a trav\u00e9s de Jornadas Laborales que se efect\u00faan semanalmente en la Plaza principal, mismas que han ganado popularidad entre las y los soledenses, ya que permiten que la b\u00fasqueda de empleo sea una actividad continua y cercana, facilitando el acceso a las ofertas laborales de la localidad.<\/p>\n\n\n\n<p>Finalmente, expres\u00f3 que, en un esfuerzo por expandir las oportunidades a todos los rincones de la ciudad, se implementan tres caravanas del empleo que visitan diferentes puntos estrat\u00e9gicos de Soledad, particularmente aquellos con alto flujo de personas, llevando directamente las ofertas de trabajo de las empresas a la ciudadan\u00eda, lo que promueve la inserci\u00f3n laboral.<\/p>\n","protected":false},"excerpt":{"rendered":"<p>Con iniciativas para fortalecer las oportunidades de empleo y contribuir a la econom\u00eda de las familias para las y los habitantes de Soledad de Graciano S\u00e1nchez, la Direcci\u00f3n de Desarrollo Econ\u00f3mico contin\u00faa implementando estrategias para la creaci\u00f3n de espacios de interacci\u00f3n laboral, inform\u00f3 F\u00e9lix Gerardo Herrera Ortega, titular de la dependencia municipal. En este sentido, [&hellip;]<\/p>\n","protected":false},"author":2,"featured_media":9764,"comment_status":"open","ping_status":"open","sticky":false,"template":"","format":"standard","meta":{"footnotes":""},"categories":[24,21],"tags":[223,1765,727,294,261,27,1766],"class_list":{"0":"post-9763","1":"post","2":"type-post","3":"status-publish","4":"format-standard","5":"has-post-thumbnail","7":"category-informacion-general","8":"category-tu-soledad","9":"tag-ayuntamiento-soledense","10":"tag-empleo","11":"tag-expo-empleo","12":"tag-san-luis","13":"tag-slp","14":"tag-soledad","15":"tag-vacantes"},"_links":{"self":[{"href":"https:\/\/cronicadesoledad.com\/index.php\/wp-json\/wp\/v2\/posts\/9763","targetHints":{"allow":["GET"]}}],"collection":[{"href":"https:\/\/cronicadesoledad.com\/index.php\/wp-json\/wp\/v2\/posts"}],"about":[{"href":"https:\/\/cronicadesoledad.com\/index.php\/wp-json\/wp\/v2\/types\/post"}],"author":[{"embeddable":true,"href":"https:\/\/cronicadesoledad.com\/index.php\/wp-json\/wp\/v2\/users\/2"}],"replies":[{"embeddable":true,"href":"https:\/\/cronicadesoledad.com\/index.php\/wp-json\/wp\/v2\/comments?post=9763"}],"version-history":[{"count":1,"href":"https:\/\/cronicadesoledad.com\/index.php\/wp-json\/wp\/v2\/posts\/9763\/revisions"}],"predecessor-version":[{"id":9765,"href":"https:\/\/cronicadesoledad.com\/index.php\/wp-json\/wp\/v2\/posts\/9763\/revisions\/9765"}],"wp:featuredmedia":[{"embeddable":true,"href":"https:\/\/cronicadesoledad.com\/index.php\/wp-json\/wp\/v2\/media\/9764"}],"wp:attachment":[{"href":"https:\/\/cronicadesoledad.com\/index.php\/wp-json\/wp\/v2\/media?parent=9763"}],"wp:term":[{"taxonomy":"category","embeddable":true,"href":"https:\/\/cronicadesoledad.com\/index.php\/wp-json\/wp\/v2\/categories?post=9763"},{"taxonomy":"post_tag","embeddable":true,"href":"https:\/\/cronicadesoledad.com\/index.php\/wp-json\/wp\/v2\/tags?post=9763"}],"curies":[{"name":"wp","href":"https:\/\/api.w.org\/{rel}","templated":true}]}}