{"id":9766,"date":"2024-02-12T21:00:00","date_gmt":"2024-02-13T03:00:00","guid":{"rendered":"https:\/\/cronicadesoledad.com\/?p=9766"},"modified":"2024-02-12T17:54:08","modified_gmt":"2024-02-12T23:54:08","slug":"red-de-apoyo-a-m-o-r-seguira-fortaleciendose-a-favor-de-las-familias","status":"publish","type":"post","link":"https:\/\/cronicadesoledad.com\/index.php\/2024\/02\/12\/red-de-apoyo-a-m-o-r-seguira-fortaleciendose-a-favor-de-las-familias\/","title":{"rendered":"Red de apoyo \u201cA.M.O.R\u201d, seguir\u00e1 fortaleci\u00e9ndose a favor de las familias"},"content":{"rendered":"\n<p>El programa de apoyo multidisciplinario enfocado en erradicar la violencia y promover la cultura de la denuncia en el municipio de Soledad de Graciano S\u00e1nchez, \u201cA.M.O.R.\u201d, contin\u00faa dando resultados positivos en la demarcaci\u00f3n, prueba de ello, es la atenci\u00f3n brindada a m\u00e1s de 80 personas que se encontraban en situaci\u00f3n de riesgo por alg\u00fan tipo de violencia, destac\u00f3 la Alcaldesa, Leonor Noyola Cervantes.<\/p>\n\n\n\n<p>Agreg\u00f3 que, del total de personas atendidas, 50 han sido canalizadas a otras dependencias del orden municipal y estatal, facilitando el acercamiento a la justicia y la prevenci\u00f3n de violencia: \u201cesta iniciativa contin\u00faa fortaleciendo las redes de apoyo mediante la capacitaci\u00f3n de mujeres y hombres, dot\u00e1ndolos de los conocimientos necesarios para asistir a otras personas que enfrenten situaciones de violencia\u201d.<\/p>\n\n\n\n<p>Reconoci\u00f3 el apoyo de diversas \u00e1reas municipales y fundamentales en este proceso de fortalecimiento de la red de apoyo, como Deporte Municipal y la Unidad de Violencia Intrafamiliar (UAVI), que han unido esfuerzos para ofrecer a la juventud soledense, actividades que los mantengan alejados de conductas perjudiciales para su salud.<\/p>\n\n\n\n<p>Asimismo, resalt\u00f3 que la red de apoyo ha generado oportunidades econ\u00f3micas para las mujeres soledenses a trav\u00e9s de la direcci\u00f3n de Desarrollo Econ\u00f3mico, que ha puesto a disposici\u00f3n de la poblaci\u00f3n opciones de financiamiento que fomentan el emprendimiento, ofreciendo a las mujeres la posibilidad de crecer econ\u00f3micamente.<\/p>\n\n\n\n<p>La red de apoyo \u201cA.M.O.R.\u201d ha logrado inspirar confianza en las mujeres de la localidad para que denuncien y tomen medidas para mejorar su calidad de vida, este enfoque integral demuestra el compromiso continuo del municipio en la lucha contra la violencia, as\u00ed como en el impulso del desarrollo econ\u00f3mico y el bienestar de la comunidad a trav\u00e9s de los servicios de prevenci\u00f3n, orientaci\u00f3n, acompa\u00f1amiento legal y canalizaci\u00f3n a servicios de ayuda especializada.<\/p>\n","protected":false},"excerpt":{"rendered":"<p>El programa de apoyo multidisciplinario enfocado en erradicar la violencia y promover la cultura de la denuncia en el municipio de Soledad de Graciano S\u00e1nchez, \u201cA.M.O.R.\u201d, contin\u00faa dando resultados positivos en la demarcaci\u00f3n, prueba de ello, es la atenci\u00f3n brindada a m\u00e1s de 80 personas que se encontraban en situaci\u00f3n de riesgo por alg\u00fan tipo [&hellip;]<\/p>\n","protected":false},"author":2,"featured_media":9767,"comment_status":"open","ping_status":"open","sticky":false,"template":"","format":"standard","meta":{"footnotes":""},"categories":[1,24,21],"tags":[81,474,1767,223,29,294,261,27],"class_list":{"0":"post-9766","1":"post","2":"type-post","3":"status-publish","4":"format-standard","5":"has-post-thumbnail","7":"category-destacadas","8":"category-informacion-general","9":"category-tu-soledad","10":"tag-alcaldesa-soledense","11":"tag-amor","12":"tag-apoyo-a-familias","13":"tag-ayuntamiento-soledense","14":"tag-leonor-noyola","15":"tag-san-luis","16":"tag-slp","17":"tag-soledad"},"_links":{"self":[{"href":"https:\/\/cronicadesoledad.com\/index.php\/wp-json\/wp\/v2\/posts\/9766","targetHints":{"allow":["GET"]}}],"collection":[{"href":"https:\/\/cronicadesoledad.com\/index.php\/wp-json\/wp\/v2\/posts"}],"about":[{"href":"https:\/\/cronicadesoledad.com\/index.php\/wp-json\/wp\/v2\/types\/post"}],"author":[{"embeddable":true,"href":"https:\/\/cronicadesoledad.com\/index.php\/wp-json\/wp\/v2\/users\/2"}],"replies":[{"embeddable":true,"href":"https:\/\/cronicadesoledad.com\/index.php\/wp-json\/wp\/v2\/comments?post=9766"}],"version-history":[{"count":1,"href":"https:\/\/cronicadesoledad.com\/index.php\/wp-json\/wp\/v2\/posts\/9766\/revisions"}],"predecessor-version":[{"id":9768,"href":"https:\/\/cronicadesoledad.com\/index.php\/wp-json\/wp\/v2\/posts\/9766\/revisions\/9768"}],"wp:featuredmedia":[{"embeddable":true,"href":"https:\/\/cronicadesoledad.com\/index.php\/wp-json\/wp\/v2\/media\/9767"}],"wp:attachment":[{"href":"https:\/\/cronicadesoledad.com\/index.php\/wp-json\/wp\/v2\/media?parent=9766"}],"wp:term":[{"taxonomy":"category","embeddable":true,"href":"https:\/\/cronicadesoledad.com\/index.php\/wp-json\/wp\/v2\/categories?post=9766"},{"taxonomy":"post_tag","embeddable":true,"href":"https:\/\/cronicadesoledad.com\/index.php\/wp-json\/wp\/v2\/tags?post=9766"}],"curies":[{"name":"wp","href":"https:\/\/api.w.org\/{rel}","templated":true}]}}