{"id":9769,"date":"2024-02-13T18:00:00","date_gmt":"2024-02-14T00:00:00","guid":{"rendered":"https:\/\/cronicadesoledad.com\/?p=9769"},"modified":"2024-02-13T18:41:29","modified_gmt":"2024-02-14T00:41:29","slug":"investigan-hallazgo-de-cadaver-en-el-camino-a-san-jose-del-barro","status":"publish","type":"post","link":"https:\/\/cronicadesoledad.com\/index.php\/2024\/02\/13\/investigan-hallazgo-de-cadaver-en-el-camino-a-san-jose-del-barro\/","title":{"rendered":"Investigan hallazgo de cad\u00e1ver en el camino a San Jos\u00e9 del Barro"},"content":{"rendered":"\n<p>La Fiscal\u00eda General del Estado de San Luis Potos\u00ed (FGESLP) trabaja en la integraci\u00f3n de una carpeta de investigaci\u00f3n por el deceso de un hombre en el municipio de Soledad de Graciano S\u00e1nchez.<\/p>\n\n\n\n<p>Para ello, la Direcci\u00f3n General de M\u00e9todos de Investigaci\u00f3n (DGMI) se traslad\u00f3 al camino a San Jos\u00e9 del Barro, a la altura de la localidad Potrero, sitio donde se report\u00f3 a trav\u00e9s de las l\u00edneas de emergencia el hallazgo de un cuerpo sin vida.<\/p>\n\n\n\n<p>Personal del Servicio M\u00e9dico Legal (Semele) acudi\u00f3 al lugar se\u00f1alado para realizar el levantamiento del cuerpo y su posterior traslado, a las instalaciones del ente procurador de justicia, donde se realizar\u00e1 la necropsia de Ley, que permita conocer la causa de muerte.<\/p>\n\n\n\n<p>Adem\u00e1s, durante las labores se estableci\u00f3 la identidad de la persona fallecida y se ubic\u00f3 una motocicleta en el lugar, datos que se a\u00f1adir\u00e1n en la carpeta correspondiente.<\/p>\n\n\n\n<p>Tambi\u00e9n, personal de Servicios Periciales se traslad\u00f3 al lugar de los hechos para realizar el procesamiento y an\u00e1lisis del \u00e1rea.<\/p>\n\n\n\n<p>De igual manera, agentes de la PDI llevan a cabo la investigaci\u00f3n del caso y cuentan ya con l\u00edneas de investigaci\u00f3n para el esclarecimiento de los hechos.<\/p>\n","protected":false},"excerpt":{"rendered":"<p>La Fiscal\u00eda General del Estado de San Luis Potos\u00ed (FGESLP) trabaja en la integraci\u00f3n de una carpeta de investigaci\u00f3n por el deceso de un hombre en el municipio de Soledad de Graciano S\u00e1nchez. Para ello, la Direcci\u00f3n General de M\u00e9todos de Investigaci\u00f3n (DGMI) se traslad\u00f3 al camino a San Jos\u00e9 del Barro, a la altura [&hellip;]<\/p>\n","protected":false},"author":2,"featured_media":9770,"comment_status":"open","ping_status":"open","sticky":false,"template":"","format":"standard","meta":{"footnotes":""},"categories":[24,19,21],"tags":[1769,1768,367,1516,1770,294,276,261,27],"class_list":{"0":"post-9769","1":"post","2":"type-post","3":"status-publish","4":"format-standard","5":"has-post-thumbnail","7":"category-informacion-general","8":"category-seguridad","9":"category-tu-soledad","10":"tag-cadaver-2","11":"tag-hallazgo","12":"tag-policia","13":"tag-policiaca-2","14":"tag-san-jose-del-barro","15":"tag-san-luis","16":"tag-seguridad","17":"tag-slp","18":"tag-soledad"},"_links":{"self":[{"href":"https:\/\/cronicadesoledad.com\/index.php\/wp-json\/wp\/v2\/posts\/9769","targetHints":{"allow":["GET"]}}],"collection":[{"href":"https:\/\/cronicadesoledad.com\/index.php\/wp-json\/wp\/v2\/posts"}],"about":[{"href":"https:\/\/cronicadesoledad.com\/index.php\/wp-json\/wp\/v2\/types\/post"}],"author":[{"embeddable":true,"href":"https:\/\/cronicadesoledad.com\/index.php\/wp-json\/wp\/v2\/users\/2"}],"replies":[{"embeddable":true,"href":"https:\/\/cronicadesoledad.com\/index.php\/wp-json\/wp\/v2\/comments?post=9769"}],"version-history":[{"count":1,"href":"https:\/\/cronicadesoledad.com\/index.php\/wp-json\/wp\/v2\/posts\/9769\/revisions"}],"predecessor-version":[{"id":9771,"href":"https:\/\/cronicadesoledad.com\/index.php\/wp-json\/wp\/v2\/posts\/9769\/revisions\/9771"}],"wp:featuredmedia":[{"embeddable":true,"href":"https:\/\/cronicadesoledad.com\/index.php\/wp-json\/wp\/v2\/media\/9770"}],"wp:attachment":[{"href":"https:\/\/cronicadesoledad.com\/index.php\/wp-json\/wp\/v2\/media?parent=9769"}],"wp:term":[{"taxonomy":"category","embeddable":true,"href":"https:\/\/cronicadesoledad.com\/index.php\/wp-json\/wp\/v2\/categories?post=9769"},{"taxonomy":"post_tag","embeddable":true,"href":"https:\/\/cronicadesoledad.com\/index.php\/wp-json\/wp\/v2\/tags?post=9769"}],"curies":[{"name":"wp","href":"https:\/\/api.w.org\/{rel}","templated":true}]}}