{"id":9784,"date":"2024-02-14T20:00:00","date_gmt":"2024-02-15T02:00:00","guid":{"rendered":"https:\/\/cronicadesoledad.com\/?p=9784"},"modified":"2024-02-14T22:23:33","modified_gmt":"2024-02-15T04:23:33","slug":"ayuntamiento-apoyo-el-comercio-local-en-san-valentin","status":"publish","type":"post","link":"https:\/\/cronicadesoledad.com\/index.php\/2024\/02\/14\/ayuntamiento-apoyo-el-comercio-local-en-san-valentin\/","title":{"rendered":"Ayuntamiento apoy\u00f3 el comercio local en San Valent\u00edn"},"content":{"rendered":"\n<p>Con el respaldo del Ayuntamiento de Soledad de Graciano S\u00e1nchez, este 13 y 14 de febrero, comerciantes establecidos de Cabecera municipal calles y avenidas principales obtuvieron apertura a la ampliaci\u00f3n de sus instalaciones y la colocaci\u00f3n de espacios para la venta de art\u00edculos conmemorativos al D\u00eda del Amor y la Amistad, acci\u00f3n que en este a\u00f1o 2024 report\u00f3 un incremento del 20 por ciento de solicitudes.<\/p>\n\n\n\n<p>Lo anterior lo inform\u00f3 el titular de Comercio Municipal, Javier Rodr\u00edguez Contreras, quien manifest\u00f3 que en la calle Mariano Matamoros se mostraron casi 30 solicitudes, mientras que en avenidas como de Los Cactus, Valent\u00edn Amador, M\u00e9xico en la colonia San Felipe y Los Pinos, fueron otros sectores con mayor afluencia de venta de mercanc\u00eda.<\/p>\n\n\n\n<p>Detall\u00f3 que, desde temprana hora de este martes y mi\u00e9rcoles, los negocios locales extendieron sus puntos de venta, como cada a\u00f1o, para verse fortalecidos en el incremento de sus ventas lo cual es aprovechado en estos d\u00edas de celebraciones que convocan a las masas.<\/p>\n\n\n\n<p>El funcionario dijo que, para otorgar permisos, se verifica que la ampliaci\u00f3n de espacios comerciales no obstruya la v\u00eda p\u00fablica ni el arroyo vehicular, adem\u00e1s de vigilar el tipo de productos que venden, \u201cque, por lo regular, son flores, globos, chocolates, peluches, y art\u00edculos del hogar que requieren instalarse en la v\u00eda p\u00fablica\u201d.<\/p>\n\n\n\n<p>Adem\u00e1s, explic\u00f3 que el \u00e9xito de estos dos d\u00edas de ventas es un claro indicador del potencial econ\u00f3mico que festividades como el \u201cD\u00eda de San Valent\u00edn\u201d representan, es por ello que las y los comerciantes, no dudaron en expresar su optimismo ante la continuaci\u00f3n de esta colaboraci\u00f3n con el gobierno municipal.<\/p>\n","protected":false},"excerpt":{"rendered":"<p>Con el respaldo del Ayuntamiento de Soledad de Graciano S\u00e1nchez, este 13 y 14 de febrero, comerciantes establecidos de Cabecera municipal calles y avenidas principales obtuvieron apertura a la ampliaci\u00f3n de sus instalaciones y la colocaci\u00f3n de espacios para la venta de art\u00edculos conmemorativos al D\u00eda del Amor y la Amistad, acci\u00f3n que en este [&hellip;]<\/p>\n","protected":false},"author":2,"featured_media":9785,"comment_status":"open","ping_status":"open","sticky":false,"template":"","format":"standard","meta":{"footnotes":""},"categories":[24,21],"tags":[1535,223,378,1779,1781,294,1780,261,27],"class_list":{"0":"post-9784","1":"post","2":"type-post","3":"status-publish","4":"format-standard","5":"has-post-thumbnail","7":"category-informacion-general","8":"category-tu-soledad","9":"tag-14-de-febrero","10":"tag-ayuntamiento-soledense","11":"tag-comercio","12":"tag-comercio-local","13":"tag-dia-del-amor-y-la-amistad","14":"tag-san-luis","15":"tag-san-valentin","16":"tag-slp","17":"tag-soledad"},"_links":{"self":[{"href":"https:\/\/cronicadesoledad.com\/index.php\/wp-json\/wp\/v2\/posts\/9784","targetHints":{"allow":["GET"]}}],"collection":[{"href":"https:\/\/cronicadesoledad.com\/index.php\/wp-json\/wp\/v2\/posts"}],"about":[{"href":"https:\/\/cronicadesoledad.com\/index.php\/wp-json\/wp\/v2\/types\/post"}],"author":[{"embeddable":true,"href":"https:\/\/cronicadesoledad.com\/index.php\/wp-json\/wp\/v2\/users\/2"}],"replies":[{"embeddable":true,"href":"https:\/\/cronicadesoledad.com\/index.php\/wp-json\/wp\/v2\/comments?post=9784"}],"version-history":[{"count":1,"href":"https:\/\/cronicadesoledad.com\/index.php\/wp-json\/wp\/v2\/posts\/9784\/revisions"}],"predecessor-version":[{"id":9786,"href":"https:\/\/cronicadesoledad.com\/index.php\/wp-json\/wp\/v2\/posts\/9784\/revisions\/9786"}],"wp:featuredmedia":[{"embeddable":true,"href":"https:\/\/cronicadesoledad.com\/index.php\/wp-json\/wp\/v2\/media\/9785"}],"wp:attachment":[{"href":"https:\/\/cronicadesoledad.com\/index.php\/wp-json\/wp\/v2\/media?parent=9784"}],"wp:term":[{"taxonomy":"category","embeddable":true,"href":"https:\/\/cronicadesoledad.com\/index.php\/wp-json\/wp\/v2\/categories?post=9784"},{"taxonomy":"post_tag","embeddable":true,"href":"https:\/\/cronicadesoledad.com\/index.php\/wp-json\/wp\/v2\/tags?post=9784"}],"curies":[{"name":"wp","href":"https:\/\/api.w.org\/{rel}","templated":true}]}}