{"id":9787,"date":"2024-02-14T21:00:00","date_gmt":"2024-02-15T03:00:00","guid":{"rendered":"https:\/\/cronicadesoledad.com\/?p=9787"},"modified":"2024-02-14T22:29:54","modified_gmt":"2024-02-15T04:29:54","slug":"173-parejas-soledenses-contraen-matrimonio","status":"publish","type":"post","link":"https:\/\/cronicadesoledad.com\/index.php\/2024\/02\/14\/173-parejas-soledenses-contraen-matrimonio\/","title":{"rendered":"173 parejas soledenses contraen matrimonio"},"content":{"rendered":"\n<p>Este mi\u00e9rcoles, la Plaza principal de Soledad de Graciano S\u00e1nchez fue testigo de un evento memorable: \u201cMatrimonios Simult\u00e1neos\u201d que marcaron el inicio de un nuevo cap\u00edtulo en la vida de 173 parejas que dieron el &#8220;s\u00ed, acepto&#8221;, en un magno evento organizado por el Sistema Estatal para el Desarrollo Integral de la Familia (DIF), en conjunto con el Ayuntamiento y DIF municipal, en el marco del D\u00eda del Amor y la Amistad.<\/p>\n\n\n\n<p>Demostrando un compromiso firme con la promoci\u00f3n de los lazos familiares y el reconocimiento del amor en todas sus expresiones, los \u201cMatrimonios Simult\u00e1neos\u201d convirtieron el Jard\u00edn principal en una declaraci\u00f3n de compromiso civil, respeto, solidaridad, protecci\u00f3n y sobre todo, amor, sin condiciones, adem\u00e1s de una fiesta al recibir cada una de las parejas boletos para presenciar el concierto de \u201cLos Pr\u00f3fugos del Anexo\u201d \u2013Juli\u00f3n \u00c1lvarez y Alfredo Olivas-&nbsp; por parte del Gobernador del Estado, Ricardo Gallardo Cardona.<\/p>\n\n\n\n<p>Durante el evento, la presidenta del Sistema Estatal DIF, Ruth Gonzales Silva agradeci\u00f3 a todas las parejas presentes, por decidir dar ese paso tan importante en sus vidas y oficializar legalmente su matrimonio, \u201cel hecho de casarse les da certeza jur\u00eddica no solamente a ustedes, sino tambi\u00e9n a sus hijos, es de aplaudirse y de felicitarse, y desde el DIF Estatal vamos a seguir trabajando para que las familias en San Luis Potos\u00ed permanezcan unidas\u201d.<\/p>\n\n\n\n<p>La Alcaldesa Leonor Noyola Cervantes dirigi\u00f3 un emotivo mensaje a las y los contrayentes, recordando la importancia de la comprensi\u00f3n y el respeto mutuo en el camino que juntos emprenden, adem\u00e1s destac\u00f3 la inclusi\u00f3n del evento ya que tambi\u00e9n contrajeron matrimonio dos parejas igualitarias. Asimismo, agradeci\u00f3 el apoyo incondicional de Ruth Gonzales Silva, por hacer posible este importante evento que contribuye a la consolidaci\u00f3n de una sociedad soledense sana.<\/p>\n\n\n\n<p>En la ceremonia, hubo degustaci\u00f3n de un delicioso plato de enchiladas potosinas, comida t\u00edpica de Soledad de Graciano S\u00e1nchez; m\u00fasica con mariachi, pastel y brindis. La edil dese\u00f3 la mayor de las virtudes a las nuevas parejas que se integran con derechos y obligaciones a la vida social del municipio, las y los inst\u00f3 a fortalecerse en ejemplo para sus familias y comunidades.&nbsp;<\/p>\n\n\n\n<p>Por \u00faltimo, se entreg\u00f3 a cada una de las reci\u00e9n formadas familias un obsequio de parte del Ayuntamiento, un detalle que marca el inicio de su matrimonio y un recuerdo material de un d\u00eda en el que sus vidas se transformaron.<\/p>\n\n\n\n<p>En la ceremonia, estuvieron presentes la presidenta del DIF Municipal, Mar\u00eda del Pilar Cardona Reyna; el secretario General del Ayuntamiento, Ernesto Jes\u00fas Barajas \u00c1brego; la Contralora municipal, Mariana S\u00e1nchez Mart\u00ednez y la directora general del DIF Estatal, Virginia Z\u00fa\u00f1iga Maldonado.<\/p>\n","protected":false},"excerpt":{"rendered":"<p>Este mi\u00e9rcoles, la Plaza principal de Soledad de Graciano S\u00e1nchez fue testigo de un evento memorable: \u201cMatrimonios Simult\u00e1neos\u201d que marcaron el inicio de un nuevo cap\u00edtulo en la vida de 173 parejas que dieron el &#8220;s\u00ed, acepto&#8221;, en un magno evento organizado por el Sistema Estatal para el Desarrollo Integral de la Familia (DIF), en [&hellip;]<\/p>\n","protected":false},"author":2,"featured_media":9788,"comment_status":"open","ping_status":"open","sticky":false,"template":"","format":"standard","meta":{"footnotes":""},"categories":[1,24,21],"tags":[1535,81,223,1782,1783,1707,1781,29,1276,1570,294,261,27],"class_list":{"0":"post-9787","1":"post","2":"type-post","3":"status-publish","4":"format-standard","5":"has-post-thumbnail","7":"category-destacadas","8":"category-informacion-general","9":"category-tu-soledad","10":"tag-14-de-febrero","11":"tag-alcaldesa-soledense","12":"tag-ayuntamiento-soledense","13":"tag-bodas","14":"tag-bodas-colectivas","15":"tag-dia-de-san-valentin","16":"tag-dia-del-amor-y-la-amistad","17":"tag-leonor-noyola","18":"tag-matrimonios","19":"tag-matrimonios-colectivos","20":"tag-san-luis","21":"tag-slp","22":"tag-soledad"},"_links":{"self":[{"href":"https:\/\/cronicadesoledad.com\/index.php\/wp-json\/wp\/v2\/posts\/9787","targetHints":{"allow":["GET"]}}],"collection":[{"href":"https:\/\/cronicadesoledad.com\/index.php\/wp-json\/wp\/v2\/posts"}],"about":[{"href":"https:\/\/cronicadesoledad.com\/index.php\/wp-json\/wp\/v2\/types\/post"}],"author":[{"embeddable":true,"href":"https:\/\/cronicadesoledad.com\/index.php\/wp-json\/wp\/v2\/users\/2"}],"replies":[{"embeddable":true,"href":"https:\/\/cronicadesoledad.com\/index.php\/wp-json\/wp\/v2\/comments?post=9787"}],"version-history":[{"count":1,"href":"https:\/\/cronicadesoledad.com\/index.php\/wp-json\/wp\/v2\/posts\/9787\/revisions"}],"predecessor-version":[{"id":9789,"href":"https:\/\/cronicadesoledad.com\/index.php\/wp-json\/wp\/v2\/posts\/9787\/revisions\/9789"}],"wp:featuredmedia":[{"embeddable":true,"href":"https:\/\/cronicadesoledad.com\/index.php\/wp-json\/wp\/v2\/media\/9788"}],"wp:attachment":[{"href":"https:\/\/cronicadesoledad.com\/index.php\/wp-json\/wp\/v2\/media?parent=9787"}],"wp:term":[{"taxonomy":"category","embeddable":true,"href":"https:\/\/cronicadesoledad.com\/index.php\/wp-json\/wp\/v2\/categories?post=9787"},{"taxonomy":"post_tag","embeddable":true,"href":"https:\/\/cronicadesoledad.com\/index.php\/wp-json\/wp\/v2\/tags?post=9787"}],"curies":[{"name":"wp","href":"https:\/\/api.w.org\/{rel}","templated":true}]}}