{"id":9794,"date":"2024-02-15T20:00:00","date_gmt":"2024-02-16T02:00:00","guid":{"rendered":"https:\/\/cronicadesoledad.com\/?p=9794"},"modified":"2024-02-15T18:42:59","modified_gmt":"2024-02-16T00:42:59","slug":"matrimonios-reconocen-esfuerzos-y-facilidades-para-dar-legalidad-a-su-union","status":"publish","type":"post","link":"https:\/\/cronicadesoledad.com\/index.php\/2024\/02\/15\/matrimonios-reconocen-esfuerzos-y-facilidades-para-dar-legalidad-a-su-union\/","title":{"rendered":"Matrimonios reconocen esfuerzos y facilidades para dar legalidad a su uni\u00f3n"},"content":{"rendered":"\n<p>Tras ser parte de la amplia convocatoria al evento de \u201cMatrimonios Simult\u00e1neos\u201d en Soledad de Graciano S\u00e1nchez, parejas beneficiadas mostraron gratitud al Sistema Estatal y Municipal para el Desarrollo Integral de la Familia (DIF) y al Ayuntamiento por facilitar la consolidaci\u00f3n de nuevas familias, promocionar los valores y contribuir al fortalecimiento social mediante la certeza jur\u00eddica.<\/p>\n\n\n\n<p>Para este tr\u00e1mite, las siete Oficial\u00edas del Registro Civil asesoraron y facilitaron el proceso a todas y todos los contrayentes. Entre los agradecimientos y testimonios, resalta el de Enrique D\u00edaz, quien junto a su compa\u00f1era sentimental por 8 a\u00f1os concret\u00f3 su enlace, y detall\u00f3 que su solicitud fue procesada en la Oficial\u00eda Primera del Registro Civil, \u201cmuchas gracias por el apoyo a Soledad, nuestra experiencia fue muy complicada antes para poder llevar a cabo este sue\u00f1o, y de verdad, gracias al Ayuntamiento de Soledad que nos dio la facilidad y esta oportunidad de vivir esta experiencia tan bonita\u201d.<\/p>\n\n\n\n<p>Por su parte, Armando Hern\u00e1ndez y Carmen V\u00e1zquez, novios durante cuatro a\u00f1os antes de dar este importante paso, externaron que ellos realizaron su tr\u00e1mite en la Oficial\u00eda n\u00famero cuatro y resaltaron la magnitud del evento organizado, \u201cno nos esper\u00e1bamos este gran evento, y estamos muy agradecidos por esta oportunidad que nos dan para formalizar nuestra uni\u00f3n\u201d, comparti\u00f3 la pareja.<\/p>\n\n\n\n<p>El programa simboliza un acontecimiento que los acredita legalmente como esposas y esposos, pero tambi\u00e9n un acto de inclusi\u00f3n y apoyo comunitario, facilitar los procesos y realizarlos de manera totalmente gratuita representa un claro mensaje de solidaridad por parte del Gobierno Estatal y Municipal, ya que comprenden las complicaciones que enfrentan muchas parejas para formalizar su relaci\u00f3n.<\/p>\n\n\n\n<p>Finalmente, las parejas se mostraron contentas de recibir por parte del Gobernador del Estado, Ricardo Gallardo Cardona, boletos para presenciar el concierto de \u201cLos Pr\u00f3fugos del Anexo\u201d donde participa \u2013Juli\u00f3n \u00c1lvarez y Alfredo Olivas-; asimismo agradecieron el tradicional mariachi y el banquete que las autoridades prepararon para ellas y ellos en este d\u00eda especial.<\/p>\n","protected":false},"excerpt":{"rendered":"<p>Tras ser parte de la amplia convocatoria al evento de \u201cMatrimonios Simult\u00e1neos\u201d en Soledad de Graciano S\u00e1nchez, parejas beneficiadas mostraron gratitud al Sistema Estatal y Municipal para el Desarrollo Integral de la Familia (DIF) y al Ayuntamiento por facilitar la consolidaci\u00f3n de nuevas familias, promocionar los valores y contribuir al fortalecimiento social mediante la certeza [&hellip;]<\/p>\n","protected":false},"author":2,"featured_media":9795,"comment_status":"open","ping_status":"open","sticky":false,"template":"","format":"standard","meta":{"footnotes":""},"categories":[24,21],"tags":[223,427,1276,1496,294,261,27],"class_list":{"0":"post-9794","1":"post","2":"type-post","3":"status-publish","4":"format-standard","5":"has-post-thumbnail","7":"category-informacion-general","8":"category-tu-soledad","9":"tag-ayuntamiento-soledense","10":"tag-dif-soledense","11":"tag-matrimonios","12":"tag-matrimonios-simultaneos","13":"tag-san-luis","14":"tag-slp","15":"tag-soledad"},"_links":{"self":[{"href":"https:\/\/cronicadesoledad.com\/index.php\/wp-json\/wp\/v2\/posts\/9794","targetHints":{"allow":["GET"]}}],"collection":[{"href":"https:\/\/cronicadesoledad.com\/index.php\/wp-json\/wp\/v2\/posts"}],"about":[{"href":"https:\/\/cronicadesoledad.com\/index.php\/wp-json\/wp\/v2\/types\/post"}],"author":[{"embeddable":true,"href":"https:\/\/cronicadesoledad.com\/index.php\/wp-json\/wp\/v2\/users\/2"}],"replies":[{"embeddable":true,"href":"https:\/\/cronicadesoledad.com\/index.php\/wp-json\/wp\/v2\/comments?post=9794"}],"version-history":[{"count":1,"href":"https:\/\/cronicadesoledad.com\/index.php\/wp-json\/wp\/v2\/posts\/9794\/revisions"}],"predecessor-version":[{"id":9796,"href":"https:\/\/cronicadesoledad.com\/index.php\/wp-json\/wp\/v2\/posts\/9794\/revisions\/9796"}],"wp:featuredmedia":[{"embeddable":true,"href":"https:\/\/cronicadesoledad.com\/index.php\/wp-json\/wp\/v2\/media\/9795"}],"wp:attachment":[{"href":"https:\/\/cronicadesoledad.com\/index.php\/wp-json\/wp\/v2\/media?parent=9794"}],"wp:term":[{"taxonomy":"category","embeddable":true,"href":"https:\/\/cronicadesoledad.com\/index.php\/wp-json\/wp\/v2\/categories?post=9794"},{"taxonomy":"post_tag","embeddable":true,"href":"https:\/\/cronicadesoledad.com\/index.php\/wp-json\/wp\/v2\/tags?post=9794"}],"curies":[{"name":"wp","href":"https:\/\/api.w.org\/{rel}","templated":true}]}}