{"id":9805,"date":"2024-02-16T21:00:00","date_gmt":"2024-02-17T03:00:00","guid":{"rendered":"https:\/\/cronicadesoledad.com\/?p=9805"},"modified":"2024-02-16T22:06:00","modified_gmt":"2024-02-17T04:06:00","slug":"reiteran-apoyo-a-familias-en-periodo-de-preinscripciones","status":"publish","type":"post","link":"https:\/\/cronicadesoledad.com\/index.php\/2024\/02\/16\/reiteran-apoyo-a-familias-en-periodo-de-preinscripciones\/","title":{"rendered":"Reiteran apoyo a familias en periodo de preinscripciones"},"content":{"rendered":"\n<p>La jornada de preinscripciones a instituciones de educaci\u00f3n b\u00e1sica en Soledad de Graciano S\u00e1nchez, durante este mes de febrero, se ha desarrollado en completa calma y favorablemente, detall\u00f3 el director de Educaci\u00f3n y Acci\u00f3n C\u00edvica, Jos\u00e9 Juan Castro Castillo, quien extern\u00f3 que las y los padres de familia cuentan con el apoyo del Gobierno municipal para recibir orientaci\u00f3n y gesti\u00f3n en caso de ser necesario.<\/p>\n\n\n\n<p>Inform\u00f3 que el municipio cuenta con 215 planteles para recibir a casi 50 mil alumnos y alumnas cada ciclo escolar, por lo que las familias deben estar tranquilas en cuanto a cupo de espacios para el estudiantado, pues hay infraestructura suficiente y adem\u00e1s mejoras en cuanto a las instalaciones de distintas escuelas, derivado de las obras de remodelaci\u00f3n y construcci\u00f3n por parte del Ayuntamiento y del Gobierno Estatal.<\/p>\n\n\n\n<p>El periodo de preinscripciones conlleva dudas entre las madres y padres de familia al querer elegir el mejor plantel, incluso el turno matutino, por lo que la tarea del \u00e1rea es asesorar a quienes a\u00fan no han completado este proceso con la intenci\u00f3n de proveer gu\u00eda clara y plantear varias opciones viables para el registro de ni\u00f1as y ni\u00f1os, \u201ces iniciativa que destaca la preocupaci\u00f3n de la administraci\u00f3n municipal por la educaci\u00f3n de sus j\u00f3venes habitantes\u201d.<\/p>\n\n\n\n<p>Dijo que la Direcci\u00f3n de Educaci\u00f3n hace un llamado a mantener la calma y considerar nuevas opciones, \u201clo que les pedimos a las mam\u00e1s y pap\u00e1s es que no se desesperen, hay instituciones que cuentan con reputaci\u00f3n de manera colectiva, pero todas ofrecen calidad educativa y la poblaci\u00f3n prefiere algunas en espec\u00edfico; por ello, les pedimos no desesperarse y acercarse con nosotros a conocer otras opciones que les beneficien en cuanto a traslados, instalaciones y turnos\u201d.<\/p>\n\n\n\n<p>Las y los padres que tengan dudas al respecto, se les invita acudir a la oficina de Educaci\u00f3n y Acci\u00f3n C\u00edvica ubicada en la Unidad Administrativa Municipal, en calle Mariano Matamoros #111 zona centro, donde personal atender\u00e1 cada duda: \u201clas y los esperamos, para que desahoguen sus dudas y poderlos ayudar en la preinscripci\u00f3n de sus hijos e hijas\u201d.<\/p>\n","protected":false},"excerpt":{"rendered":"<p>La jornada de preinscripciones a instituciones de educaci\u00f3n b\u00e1sica en Soledad de Graciano S\u00e1nchez, durante este mes de febrero, se ha desarrollado en completa calma y favorablemente, detall\u00f3 el director de Educaci\u00f3n y Acci\u00f3n C\u00edvica, Jos\u00e9 Juan Castro Castillo, quien extern\u00f3 que las y los padres de familia cuentan con el apoyo del Gobierno municipal [&hellip;]<\/p>\n","protected":false},"author":2,"featured_media":9806,"comment_status":"open","ping_status":"open","sticky":false,"template":"","format":"standard","meta":{"footnotes":""},"categories":[24,21],"tags":[81,1767,223,320,565,29,1612,294,261,27],"class_list":{"0":"post-9805","1":"post","2":"type-post","3":"status-publish","4":"format-standard","5":"has-post-thumbnail","7":"category-informacion-general","8":"category-tu-soledad","9":"tag-alcaldesa-soledense","10":"tag-apoyo-a-familias","11":"tag-ayuntamiento-soledense","12":"tag-educacion","13":"tag-escuelas","14":"tag-leonor-noyola","15":"tag-preinscripciones","16":"tag-san-luis","17":"tag-slp","18":"tag-soledad"},"_links":{"self":[{"href":"https:\/\/cronicadesoledad.com\/index.php\/wp-json\/wp\/v2\/posts\/9805","targetHints":{"allow":["GET"]}}],"collection":[{"href":"https:\/\/cronicadesoledad.com\/index.php\/wp-json\/wp\/v2\/posts"}],"about":[{"href":"https:\/\/cronicadesoledad.com\/index.php\/wp-json\/wp\/v2\/types\/post"}],"author":[{"embeddable":true,"href":"https:\/\/cronicadesoledad.com\/index.php\/wp-json\/wp\/v2\/users\/2"}],"replies":[{"embeddable":true,"href":"https:\/\/cronicadesoledad.com\/index.php\/wp-json\/wp\/v2\/comments?post=9805"}],"version-history":[{"count":1,"href":"https:\/\/cronicadesoledad.com\/index.php\/wp-json\/wp\/v2\/posts\/9805\/revisions"}],"predecessor-version":[{"id":9807,"href":"https:\/\/cronicadesoledad.com\/index.php\/wp-json\/wp\/v2\/posts\/9805\/revisions\/9807"}],"wp:featuredmedia":[{"embeddable":true,"href":"https:\/\/cronicadesoledad.com\/index.php\/wp-json\/wp\/v2\/media\/9806"}],"wp:attachment":[{"href":"https:\/\/cronicadesoledad.com\/index.php\/wp-json\/wp\/v2\/media?parent=9805"}],"wp:term":[{"taxonomy":"category","embeddable":true,"href":"https:\/\/cronicadesoledad.com\/index.php\/wp-json\/wp\/v2\/categories?post=9805"},{"taxonomy":"post_tag","embeddable":true,"href":"https:\/\/cronicadesoledad.com\/index.php\/wp-json\/wp\/v2\/tags?post=9805"}],"curies":[{"name":"wp","href":"https:\/\/api.w.org\/{rel}","templated":true}]}}