{"id":9815,"date":"2024-02-19T20:00:00","date_gmt":"2024-02-20T02:00:00","guid":{"rendered":"https:\/\/cronicadesoledad.com\/?p=9815"},"modified":"2024-02-19T21:26:59","modified_gmt":"2024-02-20T03:26:59","slug":"inicia-semana-verde-en-fraccionamiento-valencia","status":"publish","type":"post","link":"https:\/\/cronicadesoledad.com\/index.php\/2024\/02\/19\/inicia-semana-verde-en-fraccionamiento-valencia\/","title":{"rendered":"Inicia &#8220;Semana Verde&#8221; en fraccionamiento Valencia"},"content":{"rendered":"\n<p>Con una cuadrilla de aproximadamente 60 trabajadores y trabajadoras de distintas \u00e1reas municipales, el Ayuntamiento de Soledad de Graciano S\u00e1nchez inici\u00f3 el programa &#8220;Semana Verde&#8221; en el Fraccionamiento Valencia, un proyecto dise\u00f1ado para rehabilitar y mantener una gama de servicios p\u00fablicos esenciales y responder de manera \u00e1gil y efectiva a las solicitudes de las y los habitantes, el evento estuvo encabezado por la Alcaldesa, Leonor Noyola Cervantes.<\/p>\n\n\n\n<p>Con la presencia de vecinos y vecinas de la zona, se inform\u00f3 que se realizar\u00e1 la reparaci\u00f3n de luminarias, reforestaci\u00f3n, poda de \u00e1rboles, aplicaci\u00f3n de pintura, mantenimiento de \u00e1reas verdes y tareas de limpieza y barrido, entre otras, con un esfuerzo coordinado que confirma la determinaci\u00f3n del actual gobierno municipal por ofrecer un entorno m\u00e1s seguro, limpio y agradable para todas las familias del lugar.<\/p>\n\n\n\n<p>Durante el acto inaugural de \u201cSemana Verde\u201d, la Alcaldesa Leonor Noyola Cervantes afirm\u00f3 que el equipo municipal est\u00e1 enfocado en trabajar sin descanso por el bienestar de la comunidad, resaltando los recientes trabajos realizados en la colonia Santo Tom\u00e1s, derivado del trabajo intenso realizado por cuadrillas del Ayuntamiento a trav\u00e9s de este mismo programa.<\/p>\n\n\n\n<p>Destac\u00f3 que se tuvo un acercamiento personal y proactivo, en donde trabajadoras y trabajadores del Ayuntamiento visitaron los hogares de las y los vecinos del Fraccionamiento Valencia para realizar una evaluaci\u00f3n directa de las necesidades, con lo que se asegura una detecci\u00f3n r\u00e1pida de problemas, pero tambi\u00e9n fomenta una relaci\u00f3n m\u00e1s cercana y confiable entre la administraci\u00f3n municipal y la poblaci\u00f3n.<\/p>\n\n\n\n<p>Adem\u00e1s, la edil soledense destac\u00f3 que, en pr\u00f3ximos d\u00edas, el Ayuntamiento iniciar\u00e1 la campa\u00f1a integral de esterilizaci\u00f3n de mascotas, como parte de promover la salud p\u00fablica y el bienestar animal, y es una iniciativa que forma parte de las pol\u00edticas de responsabilidad social y ambiental del municipio que se centrar\u00e1 en prevenir la sobrepoblaci\u00f3n de animales callejeros y garantizar una mejora en la calidad de vida de las mascotas y sus due\u00f1os.<\/p>\n\n\n\n<p>&nbsp;Por \u00faltimo, resalt\u00f3 que, con planificaci\u00f3n y compromiso, cambios positivos y sostenibles son posibles, por ello invit\u00f3 a todas y todos los ciudadanos a unirse a este programa y contribuyan cuidando y protegiendo todas las \u00e1reas que ser\u00e1n rehabilitadas \u201cjuntas y juntos logramos lo que todas y todos queremos&#8221;.<\/p>\n","protected":false},"excerpt":{"rendered":"<p>Con una cuadrilla de aproximadamente 60 trabajadores y trabajadoras de distintas \u00e1reas municipales, el Ayuntamiento de Soledad de Graciano S\u00e1nchez inici\u00f3 el programa &#8220;Semana Verde&#8221; en el Fraccionamiento Valencia, un proyecto dise\u00f1ado para rehabilitar y mantener una gama de servicios p\u00fablicos esenciales y responder de manera \u00e1gil y efectiva a las solicitudes de las y [&hellip;]<\/p>\n","protected":false},"author":2,"featured_media":9816,"comment_status":"open","ping_status":"open","sticky":false,"template":"","format":"standard","meta":{"footnotes":""},"categories":[1,24,21],"tags":[81,223,1793,29,294,642,261,27],"class_list":{"0":"post-9815","1":"post","2":"type-post","3":"status-publish","4":"format-standard","5":"has-post-thumbnail","7":"category-destacadas","8":"category-informacion-general","9":"category-tu-soledad","10":"tag-alcaldesa-soledense","11":"tag-ayuntamiento-soledense","12":"tag-fraccionamiento-valencia","13":"tag-leonor-noyola","14":"tag-san-luis","15":"tag-semana-verde","16":"tag-slp","17":"tag-soledad"},"_links":{"self":[{"href":"https:\/\/cronicadesoledad.com\/index.php\/wp-json\/wp\/v2\/posts\/9815","targetHints":{"allow":["GET"]}}],"collection":[{"href":"https:\/\/cronicadesoledad.com\/index.php\/wp-json\/wp\/v2\/posts"}],"about":[{"href":"https:\/\/cronicadesoledad.com\/index.php\/wp-json\/wp\/v2\/types\/post"}],"author":[{"embeddable":true,"href":"https:\/\/cronicadesoledad.com\/index.php\/wp-json\/wp\/v2\/users\/2"}],"replies":[{"embeddable":true,"href":"https:\/\/cronicadesoledad.com\/index.php\/wp-json\/wp\/v2\/comments?post=9815"}],"version-history":[{"count":1,"href":"https:\/\/cronicadesoledad.com\/index.php\/wp-json\/wp\/v2\/posts\/9815\/revisions"}],"predecessor-version":[{"id":9817,"href":"https:\/\/cronicadesoledad.com\/index.php\/wp-json\/wp\/v2\/posts\/9815\/revisions\/9817"}],"wp:featuredmedia":[{"embeddable":true,"href":"https:\/\/cronicadesoledad.com\/index.php\/wp-json\/wp\/v2\/media\/9816"}],"wp:attachment":[{"href":"https:\/\/cronicadesoledad.com\/index.php\/wp-json\/wp\/v2\/media?parent=9815"}],"wp:term":[{"taxonomy":"category","embeddable":true,"href":"https:\/\/cronicadesoledad.com\/index.php\/wp-json\/wp\/v2\/categories?post=9815"},{"taxonomy":"post_tag","embeddable":true,"href":"https:\/\/cronicadesoledad.com\/index.php\/wp-json\/wp\/v2\/tags?post=9815"}],"curies":[{"name":"wp","href":"https:\/\/api.w.org\/{rel}","templated":true}]}}