{"id":9840,"date":"2024-02-21T19:00:00","date_gmt":"2024-02-22T01:00:00","guid":{"rendered":"https:\/\/cronicadesoledad.com\/?p=9840"},"modified":"2024-02-21T18:52:18","modified_gmt":"2024-02-22T00:52:18","slug":"campana-de-lentes-de-graduacion-a-mitad-de-costo-un-exito","status":"publish","type":"post","link":"https:\/\/cronicadesoledad.com\/index.php\/2024\/02\/21\/campana-de-lentes-de-graduacion-a-mitad-de-costo-un-exito\/","title":{"rendered":"Campa\u00f1a de lentes de graduaci\u00f3n a mitad de costo, un \u00e9xito"},"content":{"rendered":"\n<p>La campa\u00f1a de entrega de lentes de graduaci\u00f3n a bajo costo implementada por el Ayuntamiento de Soledad de Graciano S\u00e1nchez, a trav\u00e9s del Sistema Municipal para el Desarrollo Integral de la Familia (DIF), en apoyo a la salud visual de la poblaci\u00f3n y de respaldo a la econom\u00eda familiar, ha resultado positivo para la ciudadan\u00eda quienes han aprovechado esta oportunidad para adquirir sus aparatos funcionales.<\/p>\n\n\n\n<p>Lo anterior lo extern\u00f3 la presidenta del SMDIF, Mar\u00eda del Pilar Cardona Reyna, quien record\u00f3 que los ex\u00e1menes son realizados por profesionales y con tecnolog\u00eda de \u00faltima generaci\u00f3n para detectar cualquier problema en la vista de las y los pacientes, quienes reciben asesor\u00eda con respecto al tratamiento m\u00e1s adecuado para su padecimiento. Indic\u00f3 que la campa\u00f1a estar\u00e1 vigente hasta el pr\u00f3ximo viernes 23 de febrero.<\/p>\n\n\n\n<p>Por otra parte, mencion\u00f3 que en apoyo a la econom\u00eda familiar de las y los soledenses, estos ex\u00e1menes se realizan de manera gratuita y en la entrega de lentes se contempla la situaci\u00f3n econ\u00f3mica de cada familia, para la aplicaci\u00f3n de descuentos o cubrir en su totalidad el precio de estos aparatos visuales.<\/p>\n\n\n\n<p>Destac\u00f3 que gran parte de los beneficiados de este programa son ni\u00f1as, ni\u00f1os y adultos mayores, por ello reiter\u00f3 que la invitaci\u00f3n est\u00e1 dirigida a toda la poblaci\u00f3n y los interesados deben acudir a la calle Huerta del Nogal #231, en el fraccionamiento San Gerardo, a unas calles de la Plaza Principal, de las 10 de la ma\u00f1ana a las 2 de la tarde.<\/p>\n","protected":false},"excerpt":{"rendered":"<p>La campa\u00f1a de entrega de lentes de graduaci\u00f3n a bajo costo implementada por el Ayuntamiento de Soledad de Graciano S\u00e1nchez, a trav\u00e9s del Sistema Municipal para el Desarrollo Integral de la Familia (DIF), en apoyo a la salud visual de la poblaci\u00f3n y de respaldo a la econom\u00eda familiar, ha resultado positivo para la ciudadan\u00eda [&hellip;]<\/p>\n","protected":false},"author":2,"featured_media":9842,"comment_status":"open","ping_status":"open","sticky":false,"template":"","format":"standard","meta":{"footnotes":""},"categories":[24,21],"tags":[223,427,1811,1813,269,1812,294,261,27],"class_list":{"0":"post-9840","1":"post","2":"type-post","3":"status-publish","4":"format-standard","5":"has-post-thumbnail","7":"category-informacion-general","8":"category-tu-soledad","9":"tag-ayuntamiento-soledense","10":"tag-dif-soledense","11":"tag-lentes","12":"tag-lentes-graduados","13":"tag-salud","14":"tag-salud-visual","15":"tag-san-luis","16":"tag-slp","17":"tag-soledad"},"_links":{"self":[{"href":"https:\/\/cronicadesoledad.com\/index.php\/wp-json\/wp\/v2\/posts\/9840","targetHints":{"allow":["GET"]}}],"collection":[{"href":"https:\/\/cronicadesoledad.com\/index.php\/wp-json\/wp\/v2\/posts"}],"about":[{"href":"https:\/\/cronicadesoledad.com\/index.php\/wp-json\/wp\/v2\/types\/post"}],"author":[{"embeddable":true,"href":"https:\/\/cronicadesoledad.com\/index.php\/wp-json\/wp\/v2\/users\/2"}],"replies":[{"embeddable":true,"href":"https:\/\/cronicadesoledad.com\/index.php\/wp-json\/wp\/v2\/comments?post=9840"}],"version-history":[{"count":1,"href":"https:\/\/cronicadesoledad.com\/index.php\/wp-json\/wp\/v2\/posts\/9840\/revisions"}],"predecessor-version":[{"id":9843,"href":"https:\/\/cronicadesoledad.com\/index.php\/wp-json\/wp\/v2\/posts\/9840\/revisions\/9843"}],"wp:featuredmedia":[{"embeddable":true,"href":"https:\/\/cronicadesoledad.com\/index.php\/wp-json\/wp\/v2\/media\/9842"}],"wp:attachment":[{"href":"https:\/\/cronicadesoledad.com\/index.php\/wp-json\/wp\/v2\/media?parent=9840"}],"wp:term":[{"taxonomy":"category","embeddable":true,"href":"https:\/\/cronicadesoledad.com\/index.php\/wp-json\/wp\/v2\/categories?post=9840"},{"taxonomy":"post_tag","embeddable":true,"href":"https:\/\/cronicadesoledad.com\/index.php\/wp-json\/wp\/v2\/tags?post=9840"}],"curies":[{"name":"wp","href":"https:\/\/api.w.org\/{rel}","templated":true}]}}