{"id":9853,"date":"2024-02-21T23:00:00","date_gmt":"2024-02-22T05:00:00","guid":{"rendered":"https:\/\/cronicadesoledad.com\/?p=9853"},"modified":"2024-02-21T19:00:29","modified_gmt":"2024-02-22T01:00:29","slug":"por-matar-a-su-madre-le-dan-50-anos-de-carcel","status":"publish","type":"post","link":"https:\/\/cronicadesoledad.com\/index.php\/2024\/02\/21\/por-matar-a-su-madre-le-dan-50-anos-de-carcel\/","title":{"rendered":"Por matar a su madre, le dan 50 a\u00f1os de c\u00e1rcel"},"content":{"rendered":"\n<p>Litigadores de la Fiscal\u00eda Especializada en Feminicidios de la Fiscal\u00eda General del Estado de San Luis Potos\u00ed (FGESLP) lograron obtener una sentencia condenatoria de 50 a\u00f1os de prisi\u00f3n ordinaria para Juan Carlos \u201cN\u201d, declarado culpable por la muerte violenta de su madre.<\/p>\n\n\n\n<p>La valoraci\u00f3n de las pruebas desahogadas durante el proceso penal revel\u00f3 que el d\u00eda 09 de diciembre del a\u00f1o 2021, en el interior de un domicilio ubicado en la colonia Valle de la Palma en Soledad de Graciano S\u00e1nchez, la v\u00edctima del sexo femenino de identidad reservada fue privada de la vida por varias heridas cortantes en su cuerpo realizadas por el hoy sentenciado.<\/p>\n\n\n\n<p>Fue as\u00ed que el tribunal de enjuiciamiento resolvi\u00f3 condenar a Juan Carlos \u201cN\u201d, quien recibi\u00f3 su sentencia de un juez por el delito de feminicidio agravado, pena que deber\u00e1 cumplir recluido en el centro de reinserci\u00f3n social ubicado en la Delegaci\u00f3n de La Pila.<\/p>\n\n\n\n<p>Adem\u00e1s de lo expuesto durante la audiencia de individualizaci\u00f3n de la pena, la autoridad juzgadora fij\u00f3 los montos econ\u00f3micos que deber\u00e1 pagar por sanci\u00f3n pecuniaria y otra por reparaci\u00f3n del da\u00f1o.<\/p>\n\n\n\n<p>Esta sentencia fue determinada tras la apreciaci\u00f3n conjunta e integral de las pruebas presentadas por la Fiscal\u00eda Especializada.<\/p>\n","protected":false},"excerpt":{"rendered":"<p>Litigadores de la Fiscal\u00eda Especializada en Feminicidios de la Fiscal\u00eda General del Estado de San Luis Potos\u00ed (FGESLP) lograron obtener una sentencia condenatoria de 50 a\u00f1os de prisi\u00f3n ordinaria para Juan Carlos \u201cN\u201d, declarado culpable por la muerte violenta de su madre. La valoraci\u00f3n de las pruebas desahogadas durante el proceso penal revel\u00f3 que el [&hellip;]<\/p>\n","protected":false},"author":2,"featured_media":5617,"comment_status":"open","ping_status":"open","sticky":false,"template":"","format":"standard","meta":{"footnotes":""},"categories":[1,24,19,21],"tags":[369,1503,472,1819,1512,368,1818,367,1516,294,261,27],"class_list":{"0":"post-9853","1":"post","2":"type-post","3":"status-publish","4":"format-standard","5":"has-post-thumbnail","7":"category-destacadas","8":"category-informacion-general","9":"category-seguridad","10":"category-tu-soledad","11":"tag-asesinato","12":"tag-detenido","13":"tag-feminicidio","14":"tag-fge","15":"tag-homicidio","16":"tag-inseguridad","17":"tag-mama","18":"tag-policia","19":"tag-policiaca-2","20":"tag-san-luis","21":"tag-slp","22":"tag-soledad"},"_links":{"self":[{"href":"https:\/\/cronicadesoledad.com\/index.php\/wp-json\/wp\/v2\/posts\/9853","targetHints":{"allow":["GET"]}}],"collection":[{"href":"https:\/\/cronicadesoledad.com\/index.php\/wp-json\/wp\/v2\/posts"}],"about":[{"href":"https:\/\/cronicadesoledad.com\/index.php\/wp-json\/wp\/v2\/types\/post"}],"author":[{"embeddable":true,"href":"https:\/\/cronicadesoledad.com\/index.php\/wp-json\/wp\/v2\/users\/2"}],"replies":[{"embeddable":true,"href":"https:\/\/cronicadesoledad.com\/index.php\/wp-json\/wp\/v2\/comments?post=9853"}],"version-history":[{"count":1,"href":"https:\/\/cronicadesoledad.com\/index.php\/wp-json\/wp\/v2\/posts\/9853\/revisions"}],"predecessor-version":[{"id":9854,"href":"https:\/\/cronicadesoledad.com\/index.php\/wp-json\/wp\/v2\/posts\/9853\/revisions\/9854"}],"wp:featuredmedia":[{"embeddable":true,"href":"https:\/\/cronicadesoledad.com\/index.php\/wp-json\/wp\/v2\/media\/5617"}],"wp:attachment":[{"href":"https:\/\/cronicadesoledad.com\/index.php\/wp-json\/wp\/v2\/media?parent=9853"}],"wp:term":[{"taxonomy":"category","embeddable":true,"href":"https:\/\/cronicadesoledad.com\/index.php\/wp-json\/wp\/v2\/categories?post=9853"},{"taxonomy":"post_tag","embeddable":true,"href":"https:\/\/cronicadesoledad.com\/index.php\/wp-json\/wp\/v2\/tags?post=9853"}],"curies":[{"name":"wp","href":"https:\/\/api.w.org\/{rel}","templated":true}]}}