{"id":9855,"date":"2024-02-22T19:00:00","date_gmt":"2024-02-23T01:00:00","guid":{"rendered":"https:\/\/cronicadesoledad.com\/?p=9855"},"modified":"2024-02-22T20:25:53","modified_gmt":"2024-02-23T02:25:53","slug":"asesinan-a-una-pareja-en-la-rivas-guillen","status":"publish","type":"post","link":"https:\/\/cronicadesoledad.com\/index.php\/2024\/02\/22\/asesinan-a-una-pareja-en-la-rivas-guillen\/","title":{"rendered":"Asesinan a una pareja en la Rivas Guillen"},"content":{"rendered":"\n<p>Los testigos llamaron a los cuerpos de auxilio y al sitio acudieron los param\u00e9dicos, pero al revisar a los afectados determinaron que ya hab\u00edan perdido la vida.<\/p>\n\n\n\n<p>Luego del ataque, las corporaciones policiales montaron un operativo en la zona, pero no pudieron dar con los responsables del doble homicidio. Se trat\u00f3 de un hombre y una mujer, que presentaron diversos impactos de bala.<\/p>\n\n\n\n<p>Elementos de la Polic\u00eda Municipal de Soledad llegaron al lugar como primeros respondientes y acordonaron el \u00e1rea para que el resto de las autoridades iniciaran las indagatorias correspondientes.<\/p>\n\n\n\n<p>Personal de Servicios Periciales arrib\u00f3 para realizar una inspecci\u00f3n y se recogieron algunos cartuchos percutidos, orden\u00e1ndose el traslado de los cuerpos al Servicio M\u00e9dico Legista para que se les practicara la autopsia y entregarlos a los familiares.<\/p>\n\n\n\n<p>Por su parte, la Fiscal\u00eda General del Estado inici\u00f3 las investigaciones tendientes a dar con el paradero de los homicidios y proceder en su contra.<\/p>\n","protected":false},"excerpt":{"rendered":"<p>Los testigos llamaron a los cuerpos de auxilio y al sitio acudieron los param\u00e9dicos, pero al revisar a los afectados determinaron que ya hab\u00edan perdido la vida. Luego del ataque, las corporaciones policiales montaron un operativo en la zona, pero no pudieron dar con los responsables del doble homicidio. Se trat\u00f3 de un hombre y [&hellip;]<\/p>\n","protected":false},"author":2,"featured_media":9856,"comment_status":"open","ping_status":"open","sticky":false,"template":"","format":"standard","meta":{"footnotes":""},"categories":[24,19,21],"tags":[369,1512,368,367,1516,1820,294,276,261,27],"class_list":{"0":"post-9855","1":"post","2":"type-post","3":"status-publish","4":"format-standard","5":"has-post-thumbnail","7":"category-informacion-general","8":"category-seguridad","9":"category-tu-soledad","10":"tag-asesinato","11":"tag-homicidio","12":"tag-inseguridad","13":"tag-policia","14":"tag-policiaca-2","15":"tag-rivas-guillen","16":"tag-san-luis","17":"tag-seguridad","18":"tag-slp","19":"tag-soledad"},"_links":{"self":[{"href":"https:\/\/cronicadesoledad.com\/index.php\/wp-json\/wp\/v2\/posts\/9855","targetHints":{"allow":["GET"]}}],"collection":[{"href":"https:\/\/cronicadesoledad.com\/index.php\/wp-json\/wp\/v2\/posts"}],"about":[{"href":"https:\/\/cronicadesoledad.com\/index.php\/wp-json\/wp\/v2\/types\/post"}],"author":[{"embeddable":true,"href":"https:\/\/cronicadesoledad.com\/index.php\/wp-json\/wp\/v2\/users\/2"}],"replies":[{"embeddable":true,"href":"https:\/\/cronicadesoledad.com\/index.php\/wp-json\/wp\/v2\/comments?post=9855"}],"version-history":[{"count":1,"href":"https:\/\/cronicadesoledad.com\/index.php\/wp-json\/wp\/v2\/posts\/9855\/revisions"}],"predecessor-version":[{"id":9857,"href":"https:\/\/cronicadesoledad.com\/index.php\/wp-json\/wp\/v2\/posts\/9855\/revisions\/9857"}],"wp:featuredmedia":[{"embeddable":true,"href":"https:\/\/cronicadesoledad.com\/index.php\/wp-json\/wp\/v2\/media\/9856"}],"wp:attachment":[{"href":"https:\/\/cronicadesoledad.com\/index.php\/wp-json\/wp\/v2\/media?parent=9855"}],"wp:term":[{"taxonomy":"category","embeddable":true,"href":"https:\/\/cronicadesoledad.com\/index.php\/wp-json\/wp\/v2\/categories?post=9855"},{"taxonomy":"post_tag","embeddable":true,"href":"https:\/\/cronicadesoledad.com\/index.php\/wp-json\/wp\/v2\/tags?post=9855"}],"curies":[{"name":"wp","href":"https:\/\/api.w.org\/{rel}","templated":true}]}}