{"id":9876,"date":"2024-02-23T21:00:00","date_gmt":"2024-02-24T03:00:00","guid":{"rendered":"https:\/\/cronicadesoledad.com\/?p=9876"},"modified":"2024-02-23T18:37:35","modified_gmt":"2024-02-24T00:37:35","slug":"mercadito-de-emprendedores-este-fin-de-semana","status":"publish","type":"post","link":"https:\/\/cronicadesoledad.com\/index.php\/2024\/02\/23\/mercadito-de-emprendedores-este-fin-de-semana\/","title":{"rendered":"Mercadito de Emprendedores, este fin de semana"},"content":{"rendered":"\n<p>El Ayuntamiento de Soledad de Graciano S\u00e1nchez, a trav\u00e9s de la Direcci\u00f3n de Desarrollo Econ\u00f3mico, present\u00f3 el primer Mercadito de Emprendedores del 2024, en el cual se ofrecer\u00e1n diversos productos por parte de expositores soledenses y de la capital, los d\u00edas s\u00e1bado 24 y domingo 25 de febrero, como parte de las acciones para consolidar nuevos negocios y comercios, que ayuden a la econom\u00eda de las familias.<\/p>\n\n\n\n<p>F\u00e9lix Herrera Ortega, titular de la dependencia, indic\u00f3 que en esta edici\u00f3n el p\u00fablico podr\u00e1 conocer los productos de m\u00e1s de 100 emprendedores y productores de la zona metropolitana, que estar\u00e1n reunidos a un costado del Planetario del Parque Tangamanga Uno, en un horario de 10 de la ma\u00f1ana a 8 de la noche el d\u00eda s\u00e1bado, y de 10 de la ma\u00f1ana a 5 de la tarde para el domingo.<\/p>\n\n\n\n<p>\u201cLo que tratamos es promover la iniciativa de lo que ellos producen. Nuestro inter\u00e9s primordial es que entren a cadenas productivas donde puedan intercambiar sus productos con los emprendedores de la capital\u201d, asegur\u00f3 el funcionario. Comida, postres, bebidas y productos artesanales ser\u00e1n los principales giros de la exposici\u00f3n que, al igual que ediciones anteriores, contar\u00e1 con la participaci\u00f3n de mujeres, adultos mayores y personas con discapacidad, a\u00f1adi\u00f3.<\/p>\n\n\n\n<p>Herrera Ortega destac\u00f3 que, gracias a este tipo de eventos y campa\u00f1as, adem\u00e1s del apoyo incondicional por parte del Ayuntamiento de Soledad, en la actualidad ya hay m\u00e1s de 20 emprendedores que han consolidado sus negocios y se han incorporado exitosamente al padr\u00f3n de empresas formales.<\/p>\n","protected":false},"excerpt":{"rendered":"<p>El Ayuntamiento de Soledad de Graciano S\u00e1nchez, a trav\u00e9s de la Direcci\u00f3n de Desarrollo Econ\u00f3mico, present\u00f3 el primer Mercadito de Emprendedores del 2024, en el cual se ofrecer\u00e1n diversos productos por parte de expositores soledenses y de la capital, los d\u00edas s\u00e1bado 24 y domingo 25 de febrero, como parte de las acciones para consolidar [&hellip;]<\/p>\n","protected":false},"author":2,"featured_media":9877,"comment_status":"open","ping_status":"open","sticky":false,"template":"","format":"standard","meta":{"footnotes":""},"categories":[24,21],"tags":[223,1206,1834,1205,167,294,261,27],"class_list":{"0":"post-9876","1":"post","2":"type-post","3":"status-publish","4":"format-standard","5":"has-post-thumbnail","7":"category-informacion-general","8":"category-tu-soledad","9":"tag-ayuntamiento-soledense","10":"tag-emprendedores","11":"tag-fin-de-semana","12":"tag-mercadito","13":"tag-mercadito-de-emprendedores","14":"tag-san-luis","15":"tag-slp","16":"tag-soledad"},"_links":{"self":[{"href":"https:\/\/cronicadesoledad.com\/index.php\/wp-json\/wp\/v2\/posts\/9876","targetHints":{"allow":["GET"]}}],"collection":[{"href":"https:\/\/cronicadesoledad.com\/index.php\/wp-json\/wp\/v2\/posts"}],"about":[{"href":"https:\/\/cronicadesoledad.com\/index.php\/wp-json\/wp\/v2\/types\/post"}],"author":[{"embeddable":true,"href":"https:\/\/cronicadesoledad.com\/index.php\/wp-json\/wp\/v2\/users\/2"}],"replies":[{"embeddable":true,"href":"https:\/\/cronicadesoledad.com\/index.php\/wp-json\/wp\/v2\/comments?post=9876"}],"version-history":[{"count":1,"href":"https:\/\/cronicadesoledad.com\/index.php\/wp-json\/wp\/v2\/posts\/9876\/revisions"}],"predecessor-version":[{"id":9878,"href":"https:\/\/cronicadesoledad.com\/index.php\/wp-json\/wp\/v2\/posts\/9876\/revisions\/9878"}],"wp:featuredmedia":[{"embeddable":true,"href":"https:\/\/cronicadesoledad.com\/index.php\/wp-json\/wp\/v2\/media\/9877"}],"wp:attachment":[{"href":"https:\/\/cronicadesoledad.com\/index.php\/wp-json\/wp\/v2\/media?parent=9876"}],"wp:term":[{"taxonomy":"category","embeddable":true,"href":"https:\/\/cronicadesoledad.com\/index.php\/wp-json\/wp\/v2\/categories?post=9876"},{"taxonomy":"post_tag","embeddable":true,"href":"https:\/\/cronicadesoledad.com\/index.php\/wp-json\/wp\/v2\/tags?post=9876"}],"curies":[{"name":"wp","href":"https:\/\/api.w.org\/{rel}","templated":true}]}}