{"id":9879,"date":"2024-02-23T22:00:00","date_gmt":"2024-02-24T04:00:00","guid":{"rendered":"https:\/\/cronicadesoledad.com\/?p=9879"},"modified":"2024-02-23T18:39:32","modified_gmt":"2024-02-24T00:39:32","slug":"preparan-arranque-del-operativo-semana-santa-segura","status":"publish","type":"post","link":"https:\/\/cronicadesoledad.com\/index.php\/2024\/02\/23\/preparan-arranque-del-operativo-semana-santa-segura\/","title":{"rendered":"Preparan arranque del operativo &#8220;Semana Santa Segura&#8221;"},"content":{"rendered":"\n<p>Dentro de las acciones y labores de prevenci\u00f3n y vigilancia desplegadas de forma permanente, Seguridad P\u00fablica de Soledad de Graciano S\u00e1nchez llevar\u00e1 a cabo el operativo &#8220;Semana Santa Segura&#8221; del 22 de marzo al 8 de abril, para garantizar a las familias soledenses y visitantes durante la semana mayor paz y seguridad en el municipio.<\/p>\n\n\n\n<p>De acuerdo con el Director General de la corporaci\u00f3n municipal, comisario H\u00e9ctor \u00c9dgar Mar del \u00c1ngel, se tiene planeado reforzar la vigilancia a trav\u00e9s de la Direcci\u00f3n de Fuerzas Municipales y la Direcci\u00f3n de Tr\u00e1nsito y Polic\u00eda Vial, los cuales llevar\u00e1n a cabo recorridos de vigilancia en vialidades principales, presencia en iglesias, as\u00ed como en puntos tur\u00edsticos como cabecera municipal.<\/p>\n\n\n\n<p>&#8220;Est\u00e1 listo el dispositivo, como es temporada vacacional y sabemos que semana santa hay eventos religiosos vamos a estar pendientes y coordinados con la arquidi\u00f3cesis, reforzaremos la vigilancia y recorridos, por parte de la Direcci\u00f3n de Tr\u00e1nsito habr\u00e1 atenci\u00f3n permanente en Carretera Matehuala, Bulevar Valle de Los Fantasmas, Perif\u00e9rico Oriente y la parte que nos corresponde de R\u00edo Santiago, el objetivo es culminar la temporada vacacional con saldo blanco&#8221;, dijo el mando municipal.<\/p>\n\n\n\n<p>Finalmente, el Director General de Seguridad P\u00fablica Municipal dijo que para estas acciones tambi\u00e9n contar\u00e1n con el apoyo de corporaciones como la Guardia Civil Estatal, la Guardia Nacional y el Ej\u00e9rcito Mexicano.<\/p>\n","protected":false},"excerpt":{"rendered":"<p>Dentro de las acciones y labores de prevenci\u00f3n y vigilancia desplegadas de forma permanente, Seguridad P\u00fablica de Soledad de Graciano S\u00e1nchez llevar\u00e1 a cabo el operativo &#8220;Semana Santa Segura&#8221; del 22 de marzo al 8 de abril, para garantizar a las familias soledenses y visitantes durante la semana mayor paz y seguridad en el municipio. [&hellip;]<\/p>\n","protected":false},"author":2,"featured_media":9880,"comment_status":"open","ping_status":"open","sticky":false,"template":"","format":"standard","meta":{"footnotes":""},"categories":[24,19,21],"tags":[223,725,1837,1838,1835,1836,294,276,899,1718,261,27],"class_list":{"0":"post-9879","1":"post","2":"type-post","3":"status-publish","4":"format-standard","5":"has-post-thumbnail","7":"category-informacion-general","8":"category-seguridad","9":"category-tu-soledad","10":"tag-ayuntamiento-soledense","11":"tag-operativo","12":"tag-operativo-semana-santa-segura","13":"tag-operativo-semana-santa-segura-2024","14":"tag-policia-2","15":"tag-policiaca-3","16":"tag-san-luis","17":"tag-seguridad","18":"tag-seguridad-publica-municipal","19":"tag-semana-santa","20":"tag-slp","21":"tag-soledad"},"_links":{"self":[{"href":"https:\/\/cronicadesoledad.com\/index.php\/wp-json\/wp\/v2\/posts\/9879","targetHints":{"allow":["GET"]}}],"collection":[{"href":"https:\/\/cronicadesoledad.com\/index.php\/wp-json\/wp\/v2\/posts"}],"about":[{"href":"https:\/\/cronicadesoledad.com\/index.php\/wp-json\/wp\/v2\/types\/post"}],"author":[{"embeddable":true,"href":"https:\/\/cronicadesoledad.com\/index.php\/wp-json\/wp\/v2\/users\/2"}],"replies":[{"embeddable":true,"href":"https:\/\/cronicadesoledad.com\/index.php\/wp-json\/wp\/v2\/comments?post=9879"}],"version-history":[{"count":1,"href":"https:\/\/cronicadesoledad.com\/index.php\/wp-json\/wp\/v2\/posts\/9879\/revisions"}],"predecessor-version":[{"id":9881,"href":"https:\/\/cronicadesoledad.com\/index.php\/wp-json\/wp\/v2\/posts\/9879\/revisions\/9881"}],"wp:featuredmedia":[{"embeddable":true,"href":"https:\/\/cronicadesoledad.com\/index.php\/wp-json\/wp\/v2\/media\/9880"}],"wp:attachment":[{"href":"https:\/\/cronicadesoledad.com\/index.php\/wp-json\/wp\/v2\/media?parent=9879"}],"wp:term":[{"taxonomy":"category","embeddable":true,"href":"https:\/\/cronicadesoledad.com\/index.php\/wp-json\/wp\/v2\/categories?post=9879"},{"taxonomy":"post_tag","embeddable":true,"href":"https:\/\/cronicadesoledad.com\/index.php\/wp-json\/wp\/v2\/tags?post=9879"}],"curies":[{"name":"wp","href":"https:\/\/api.w.org\/{rel}","templated":true}]}}