{"id":9885,"date":"2024-02-26T20:02:52","date_gmt":"2024-02-27T02:02:52","guid":{"rendered":"https:\/\/cronicadesoledad.com\/?p=9885"},"modified":"2024-02-26T20:02:52","modified_gmt":"2024-02-27T02:02:52","slug":"impulsa-sgs-la-inclusion-educativa-con-infraestructura-y-capacitacion","status":"publish","type":"post","link":"https:\/\/cronicadesoledad.com\/index.php\/2024\/02\/26\/impulsa-sgs-la-inclusion-educativa-con-infraestructura-y-capacitacion\/","title":{"rendered":"Impulsa SGS la inclusi\u00f3n educativa con infraestructura y capacitaci\u00f3n"},"content":{"rendered":"\n<p>En un esfuerzo por fortalecer la inclusi\u00f3n y el servicio educativo en Soledad de Graciano S\u00e1nchez, la Direcci\u00f3n Municipal de Educaci\u00f3n y Acci\u00f3n C\u00edvica trabaja en la mejora continua de la educaci\u00f3n especial en sus m\u00e1s de 215 planteles educativos, un compromiso que responde a la necesidad de crear un entorno que promueva el desarrollo \u00edntegro de todas y todos los alumnos, especialmente aquellos con alguna discapacidad.<\/p>\n\n\n\n<p>Al respecto, Jos\u00e9 Juan Castro Castillo destac\u00f3 que con el apoyo del Gobernador del Estado, Ricardo Gallardo Cardona, esta iniciativa ha empezado a materializarse en algunos planteles, como recientemente la primaria &#8220;Francisco Gonz\u00e1lez Bocanegra&#8221;, en la cual con la construcci\u00f3n de rampas es un claro ejemplo de c\u00f3mo se est\u00e1 mejorando la infraestructura para beneficiar a estudiantes con necesidades psicomotrices, facilitando su movilidad dentro de las instalaciones y asegurando que su educaci\u00f3n no se vea limitada.<\/p>\n\n\n\n<p>Detall\u00f3 que adem\u00e1s de las mejoras f\u00edsicas, el municipio est\u00e1 trabajando estrechamente con las Unidades de Servicio de Apoyo a la Educaci\u00f3n Regular (USAER) y los Centros de Atenci\u00f3n Psicopedag\u00f3gica de Educaci\u00f3n Preescolar (CAPEP); estas instituciones juegan un papel crucial en la atenci\u00f3n inicial y el apoyo a las y los ni\u00f1os en edad preescolar, \u201ccuando los desaf\u00edos se intensifican, las y los estudiantes son derivados a los Centros de Atenci\u00f3n M\u00faltiple (CAM), donde reciben una atenci\u00f3n m\u00e1s personalizada, incluyendo ajustes espec\u00edficos en sus programas o planes de estudio\u201d.<\/p>\n\n\n\n<p>En este sentido, resalt\u00f3 que esta estrategia integral est\u00e1 enfocada en mejorar la infraestructura y el acceso f\u00edsico, pero tambi\u00e9n pone un fuerte \u00e9nfasis en la capacitaci\u00f3n de los docentes, con el prop\u00f3sito de asegurar que las y los profesionales est\u00e9n preparados para atender de manera efectiva y directa las necesidades de los alumnos con discapacidades, respaldando as\u00ed su derecho inalienable a la educaci\u00f3n.<\/p>\n\n\n\n<p>Por \u00faltimo, expres\u00f3 la importancia de esta iniciativa, subrayando que &#8220;ning\u00fan ni\u00f1o debe sentirse excluido del derecho a estudiar, independientemente de sus capacidades f\u00edsicas o cognitivas&#8221;, y con estas acciones, Soledad de Graciano S\u00e1nchez se posiciona como un municipio l\u00edder en la promoci\u00f3n de una educaci\u00f3n verdaderamente inclusiva, marcando un modelo a seguir en todo el estado.<\/p>\n","protected":false},"excerpt":{"rendered":"<p>En un esfuerzo por fortalecer la inclusi\u00f3n y el servicio educativo en Soledad de Graciano S\u00e1nchez, la Direcci\u00f3n Municipal de Educaci\u00f3n y Acci\u00f3n C\u00edvica trabaja en la mejora continua de la educaci\u00f3n especial en sus m\u00e1s de 215 planteles educativos, un compromiso que responde a la necesidad de crear un entorno que promueva el desarrollo [&hellip;]<\/p>\n","protected":false},"author":2,"featured_media":9886,"comment_status":"open","ping_status":"open","sticky":false,"template":"","format":"standard","meta":{"footnotes":""},"categories":[24,21],"tags":[223,475,320,1842,1843,294,261,27],"class_list":{"0":"post-9885","1":"post","2":"type-post","3":"status-publish","4":"format-standard","5":"has-post-thumbnail","7":"category-informacion-general","8":"category-tu-soledad","9":"tag-ayuntamiento-soledense","10":"tag-capacitacion","11":"tag-educacion","12":"tag-inclusicon","13":"tag-infrestructura","14":"tag-san-luis","15":"tag-slp","16":"tag-soledad"},"_links":{"self":[{"href":"https:\/\/cronicadesoledad.com\/index.php\/wp-json\/wp\/v2\/posts\/9885","targetHints":{"allow":["GET"]}}],"collection":[{"href":"https:\/\/cronicadesoledad.com\/index.php\/wp-json\/wp\/v2\/posts"}],"about":[{"href":"https:\/\/cronicadesoledad.com\/index.php\/wp-json\/wp\/v2\/types\/post"}],"author":[{"embeddable":true,"href":"https:\/\/cronicadesoledad.com\/index.php\/wp-json\/wp\/v2\/users\/2"}],"replies":[{"embeddable":true,"href":"https:\/\/cronicadesoledad.com\/index.php\/wp-json\/wp\/v2\/comments?post=9885"}],"version-history":[{"count":1,"href":"https:\/\/cronicadesoledad.com\/index.php\/wp-json\/wp\/v2\/posts\/9885\/revisions"}],"predecessor-version":[{"id":9887,"href":"https:\/\/cronicadesoledad.com\/index.php\/wp-json\/wp\/v2\/posts\/9885\/revisions\/9887"}],"wp:featuredmedia":[{"embeddable":true,"href":"https:\/\/cronicadesoledad.com\/index.php\/wp-json\/wp\/v2\/media\/9886"}],"wp:attachment":[{"href":"https:\/\/cronicadesoledad.com\/index.php\/wp-json\/wp\/v2\/media?parent=9885"}],"wp:term":[{"taxonomy":"category","embeddable":true,"href":"https:\/\/cronicadesoledad.com\/index.php\/wp-json\/wp\/v2\/categories?post=9885"},{"taxonomy":"post_tag","embeddable":true,"href":"https:\/\/cronicadesoledad.com\/index.php\/wp-json\/wp\/v2\/tags?post=9885"}],"curies":[{"name":"wp","href":"https:\/\/api.w.org\/{rel}","templated":true}]}}