{"id":9895,"date":"2024-02-27T20:00:00","date_gmt":"2024-02-28T02:00:00","guid":{"rendered":"https:\/\/cronicadesoledad.com\/?p=9895"},"modified":"2024-02-27T21:27:56","modified_gmt":"2024-02-28T03:27:56","slug":"exhortan-medidas-preventivas-para-ola-de-calor","status":"publish","type":"post","link":"https:\/\/cronicadesoledad.com\/index.php\/2024\/02\/27\/exhortan-medidas-preventivas-para-ola-de-calor\/","title":{"rendered":"Exhortan medidas preventivas para ola de calor"},"content":{"rendered":"\n<p>Ante la inminente llegada de la temporada de calor a territorio potosino, la Coordinaci\u00f3n Municipal de Protecci\u00f3n Civil de Soledad de Graciano S\u00e1nchez emiti\u00f3 recomendaciones a la ciudadan\u00eda para evitar afectaciones por las altas temperaturas que se estar\u00e1n registrando, las cuales podr\u00edan alcanzar los 36 grados cent\u00edgrados pr\u00f3ximamente.<\/p>\n\n\n\n<p>Martin Bravo Galicia, titular de dicha instancia, dijo que por instrucciones de la Alcaldesa Leonor Noyola Cervantes, se promueven medidas para proteger sobre todo a ni\u00f1as, ni\u00f1os y personas adultas mayores, ya que son los sectores que se tienen identificados como m\u00e1s vulnerables en la temporada de calor.<\/p>\n\n\n\n<p>Por lo anterior, hizo un llamado a la ciudadan\u00eda a ingerir constantemente l\u00edquidos naturales para mantener la hidrataci\u00f3n; tambi\u00e9n dijo que es importante el consumo de frutas y verduras durante esta temporada, as\u00ed como evitar exponerse durante largos periodos al sol y eludir que se presenten los llamados &#8220;golpes de calor&#8221;.<\/p>\n\n\n\n<p>El funcionario dijo que otro punto importante, es evitar tener actividad f\u00edsica al aire libre sobre todo de las 10:00 a las 16:00 horas, que es cuando la radiaci\u00f3n solar es m\u00e1s fuerte, por ello, exhort\u00f3 al llamado principalmente a escuelas para evitar actividades durante este periodo.<\/p>\n\n\n\n<p>Bravo Galicia indic\u00f3 que derivado de los pron\u00f3sticos de altas temperaturas que se esperan para Soledad en los pr\u00f3ximos meses, estar\u00e1n trabajando de manera coordinada con otras instancias como son los Servicios de Salud para vigilar que no haya afectaciones a la ciudadan\u00eda por esta causa, incluso mencion\u00f3 que el Ayuntamiento de Soledad de Graciano S\u00e1nchez, a trav\u00e9s del DIF Municipal, tiene ya preparados albergues, para dar la atenci\u00f3n a la poblaci\u00f3n que as\u00ed lo requiera ante una situaci\u00f3n de emergencia.<\/p>\n","protected":false},"excerpt":{"rendered":"<p>Ante la inminente llegada de la temporada de calor a territorio potosino, la Coordinaci\u00f3n Municipal de Protecci\u00f3n Civil de Soledad de Graciano S\u00e1nchez emiti\u00f3 recomendaciones a la ciudadan\u00eda para evitar afectaciones por las altas temperaturas que se estar\u00e1n registrando, las cuales podr\u00edan alcanzar los 36 grados cent\u00edgrados pr\u00f3ximamente. Martin Bravo Galicia, titular de dicha instancia, [&hellip;]<\/p>\n","protected":false},"author":2,"featured_media":9896,"comment_status":"open","ping_status":"open","sticky":false,"template":"","format":"standard","meta":{"footnotes":""},"categories":[24,21],"tags":[223,345,1853,525,294,261,27],"class_list":{"0":"post-9895","1":"post","2":"type-post","3":"status-publish","4":"format-standard","5":"has-post-thumbnail","7":"category-informacion-general","8":"category-tu-soledad","9":"tag-ayuntamiento-soledense","10":"tag-clima","11":"tag-ola-de-calor","12":"tag-proteccion-civil","13":"tag-san-luis","14":"tag-slp","15":"tag-soledad"},"_links":{"self":[{"href":"https:\/\/cronicadesoledad.com\/index.php\/wp-json\/wp\/v2\/posts\/9895","targetHints":{"allow":["GET"]}}],"collection":[{"href":"https:\/\/cronicadesoledad.com\/index.php\/wp-json\/wp\/v2\/posts"}],"about":[{"href":"https:\/\/cronicadesoledad.com\/index.php\/wp-json\/wp\/v2\/types\/post"}],"author":[{"embeddable":true,"href":"https:\/\/cronicadesoledad.com\/index.php\/wp-json\/wp\/v2\/users\/2"}],"replies":[{"embeddable":true,"href":"https:\/\/cronicadesoledad.com\/index.php\/wp-json\/wp\/v2\/comments?post=9895"}],"version-history":[{"count":1,"href":"https:\/\/cronicadesoledad.com\/index.php\/wp-json\/wp\/v2\/posts\/9895\/revisions"}],"predecessor-version":[{"id":9897,"href":"https:\/\/cronicadesoledad.com\/index.php\/wp-json\/wp\/v2\/posts\/9895\/revisions\/9897"}],"wp:featuredmedia":[{"embeddable":true,"href":"https:\/\/cronicadesoledad.com\/index.php\/wp-json\/wp\/v2\/media\/9896"}],"wp:attachment":[{"href":"https:\/\/cronicadesoledad.com\/index.php\/wp-json\/wp\/v2\/media?parent=9895"}],"wp:term":[{"taxonomy":"category","embeddable":true,"href":"https:\/\/cronicadesoledad.com\/index.php\/wp-json\/wp\/v2\/categories?post=9895"},{"taxonomy":"post_tag","embeddable":true,"href":"https:\/\/cronicadesoledad.com\/index.php\/wp-json\/wp\/v2\/tags?post=9895"}],"curies":[{"name":"wp","href":"https:\/\/api.w.org\/{rel}","templated":true}]}}