{"id":9910,"date":"2024-02-28T21:00:00","date_gmt":"2024-02-29T03:00:00","guid":{"rendered":"https:\/\/cronicadesoledad.com\/?p=9910"},"modified":"2024-02-28T18:49:16","modified_gmt":"2024-02-29T00:49:16","slug":"encabeza-leonor-presentacion-de-la-fenae-2024","status":"publish","type":"post","link":"https:\/\/cronicadesoledad.com\/index.php\/2024\/02\/28\/encabeza-leonor-presentacion-de-la-fenae-2024\/","title":{"rendered":"Encabeza Leonor presentaci\u00f3n de la Fenae 2024"},"content":{"rendered":"\n<p>La esperada Feria Nacional de la Enchilada (FENAE) 2024 fue presentada oficialmente por la Alcaldesa Leonor Noyola Cervantes, en el Teatro y Centro Cultural \u201cDoroteo Arango\u201d, marcando el inicio de lo que promete ser una de las fiestas m\u00e1s memorables de la temporada de cuaresma, la cual se realizar\u00e1 del 30 de marzo al 7 de abril; Soledad ser\u00e1 el coraz\u00f3n de una celebraci\u00f3n que resalta la esencia cultural y gastron\u00f3mica de la regi\u00f3n, atrayendo la atenci\u00f3n a nivel nacional e internacional.<\/p>\n\n\n\n<p>En presencia de secretarios de Estado, Diputados locales, representantes y l\u00edderes de c\u00e1maras empresariales y habitantes de diversas colonias, se anunci\u00f3 la variedad del Teatro del Pueblo, el cual brillar\u00e1 con una cartelera espectacular integrada por artistas de renombre como Ana B\u00e1rbara, Duelo, Gabito Ballesteros, El Tri, Molotov, Los Huracanes del Norte, Palomazo Norte\u00f1o, Los Acosta y La Fiera de Ojinaga, quienes ser\u00e1n los responsables de llenar de m\u00fasica y alegr\u00eda la Plaza principal del municipio, prometiendo noches inolvidables para todas y todos los asistentes.<\/p>\n\n\n\n<p>La FAENA 2024 no ser\u00eda lo mismo sin su tradicional Muestra Gastron\u00f3mica, un espacio que promete deleitar a los m\u00e1s exigentes paladares y en donde este a\u00f1o, las enchiladas de Rioverde y Matehuala estar\u00e1n en el centro de la escena, destacando por su sabor \u00fanico y tradici\u00f3n; adem\u00e1s, se llevar\u00e1 a cabo el concurso para elegir el mejor platillo de la Feria, asegurando una competencia llena de sabor y emociones.<\/p>\n\n\n\n<p>Destaca en el calendario de actividades la novena edici\u00f3n de la Carrera Atl\u00e9tica de la Enchilada, el 24 de marzo, con una atractiva bolsa de premios de 300 mil pesos, al igual que la tradicional Cabalgata la cual contar\u00e1 con m\u00e1s de 120 jinetes de localidades y comunidades de Soledad de Graciano S\u00e1nchez; evento que fortalece los lazos comunitarios y promueve la identidad cultural del municipio.<\/p>\n\n\n\n<p>Durante la presentaci\u00f3n, Noyola Cervantes destac\u00f3 que, manteniendo la tradici\u00f3n de un evento familiar, de nueva cuenta la FENAE ofrecer\u00e1 entretenimiento gratuito con juegos mec\u00e1nicos, funciones de circo y muchas m\u00e1s atracciones para disfrute de grandes y peque\u00f1os sin ning\u00fan costo, por ello invit\u00f3 a toda la poblaci\u00f3n en general a acudir y disfrutar de esta gran fiesta.<\/p>\n\n\n\n<p>\u201cEsto tambi\u00e9n es posible gracias al apoyo del Gobierno del Estado, gracias a nuestro Gobernador, Ricardo Gallardo Cardona, por su apoyo a esta gran fiesta y colaborar para que sea mucho mejor y la disfruten mucho todas las familias que se hagan presentes, es importante reconocer el impulso de la realizaci\u00f3n de la FENAE que generan materia de derrama econ\u00f3mica en Soledad y sus alrededores ya que se prev\u00e9 que dejar\u00e1 a la regi\u00f3n hasta 50 millones de pesos de derrama para todos los sectores\u201d.<\/p>\n\n\n\n<p>Por su parte, N\u00e9stor Eduardo Garza \u00c1lvarez, secretario del Trabajo y Previsi\u00f3n Social, en representaci\u00f3n del Mandatario Estatal, felicit\u00f3 a la edil soledense por su trabajo en la realizaci\u00f3n de este magno evento \u201cpara el Gobierno del Estado es mi importante seguir impulsando este tipo de Ferias ya que a su paso tambi\u00e9n abren una amplia oferta de empleo para todas las personas\u201d.<\/p>\n\n\n\n<p>Para garantizar la seguridad de todos los y las asistentes, se detall\u00f3 la preparaci\u00f3n de un operativo especial con m\u00e1s de 300 elementos de seguridad, en coordinaci\u00f3n con la Guardia Civil Estatal, el Ej\u00e9rcito Mexicano y la Guardia Nacional. Adem\u00e1s, se implementar\u00e1 un dispositivo de Tr\u00e1nsito para asegurar un flujo vehicular adecuado en la zona.<\/p>\n","protected":false},"excerpt":{"rendered":"<p>La esperada Feria Nacional de la Enchilada (FENAE) 2024 fue presentada oficialmente por la Alcaldesa Leonor Noyola Cervantes, en el Teatro y Centro Cultural \u201cDoroteo Arango\u201d, marcando el inicio de lo que promete ser una de las fiestas m\u00e1s memorables de la temporada de cuaresma, la cual se realizar\u00e1 del 30 de marzo al 7 [&hellip;]<\/p>\n","protected":false},"author":2,"featured_media":9911,"comment_status":"open","ping_status":"open","sticky":false,"template":"","format":"standard","meta":{"footnotes":""},"categories":[1,24,21],"tags":[81,223,1635,1473,1472,1658,29,1858,294,27],"class_list":{"0":"post-9910","1":"post","2":"type-post","3":"status-publish","4":"format-standard","5":"has-post-thumbnail","7":"category-destacadas","8":"category-informacion-general","9":"category-tu-soledad","10":"tag-alcaldesa-soledense","11":"tag-ayuntamiento-soledense","12":"tag-fenae","13":"tag-fenae-2024","14":"tag-feria-nacional-de-la-enchilada","15":"tag-feria-nacional-de-la-enchilada-2024","16":"tag-leonor-noyola","17":"tag-presentacion","18":"tag-san-luis","19":"tag-soledad"},"_links":{"self":[{"href":"https:\/\/cronicadesoledad.com\/index.php\/wp-json\/wp\/v2\/posts\/9910","targetHints":{"allow":["GET"]}}],"collection":[{"href":"https:\/\/cronicadesoledad.com\/index.php\/wp-json\/wp\/v2\/posts"}],"about":[{"href":"https:\/\/cronicadesoledad.com\/index.php\/wp-json\/wp\/v2\/types\/post"}],"author":[{"embeddable":true,"href":"https:\/\/cronicadesoledad.com\/index.php\/wp-json\/wp\/v2\/users\/2"}],"replies":[{"embeddable":true,"href":"https:\/\/cronicadesoledad.com\/index.php\/wp-json\/wp\/v2\/comments?post=9910"}],"version-history":[{"count":1,"href":"https:\/\/cronicadesoledad.com\/index.php\/wp-json\/wp\/v2\/posts\/9910\/revisions"}],"predecessor-version":[{"id":9912,"href":"https:\/\/cronicadesoledad.com\/index.php\/wp-json\/wp\/v2\/posts\/9910\/revisions\/9912"}],"wp:featuredmedia":[{"embeddable":true,"href":"https:\/\/cronicadesoledad.com\/index.php\/wp-json\/wp\/v2\/media\/9911"}],"wp:attachment":[{"href":"https:\/\/cronicadesoledad.com\/index.php\/wp-json\/wp\/v2\/media?parent=9910"}],"wp:term":[{"taxonomy":"category","embeddable":true,"href":"https:\/\/cronicadesoledad.com\/index.php\/wp-json\/wp\/v2\/categories?post=9910"},{"taxonomy":"post_tag","embeddable":true,"href":"https:\/\/cronicadesoledad.com\/index.php\/wp-json\/wp\/v2\/tags?post=9910"}],"curies":[{"name":"wp","href":"https:\/\/api.w.org\/{rel}","templated":true}]}}