{"id":9916,"date":"2024-02-29T19:00:00","date_gmt":"2024-03-01T01:00:00","guid":{"rendered":"https:\/\/cronicadesoledad.com\/?p=9916"},"modified":"2024-02-29T20:43:25","modified_gmt":"2024-03-01T02:43:25","slug":"aprueban-creacion-de-unidad-de-policia-cibernetica","status":"publish","type":"post","link":"https:\/\/cronicadesoledad.com\/index.php\/2024\/02\/29\/aprueban-creacion-de-unidad-de-policia-cibernetica\/","title":{"rendered":"Aprueban creaci\u00f3n de Unidad de Polic\u00eda Cibern\u00e9tica"},"content":{"rendered":"\n<p>Este mi\u00e9rcoles, el Cabildo de Soledad de Graciano S\u00e1nchez aprob\u00f3 por unanimidad la creaci\u00f3n de una Unidad de Polic\u00eda Cibern\u00e9tica en el municipio, iniciativa propuesta por la Alcaldesa, Leonor Noyola Cervantes, en aras de continuar fortaleciendo el quehacer preventivo en materia de seguridad p\u00fablica y contar con m\u00e1s herramientas para asegurar la paz de las familias frente al fen\u00f3meno digital.<\/p>\n\n\n\n<p>Durante la presentaci\u00f3n de esta solicitud a las y los integrantes edilicios, se expuso por parte de V\u00edctor Reyes D\u00edaz, responsable de An\u00e1lisis y Polic\u00eda Cibern\u00e9tica en el Centro de Coordinaci\u00f3n, Control, Comando, Comunicaci\u00f3n y C\u00f3mputo, Informaci\u00f3n e Inteligencia (C5i2) de la Secretar\u00eda de Seguridad Estatal; la importancia y funcionamiento de una Unidad de este tipo, con el fin de identificar, investigar y combatir delitos a trav\u00e9s de medios digitales, a trav\u00e9s de capacitaci\u00f3n integral al personal asignado y el acompa\u00f1amiento con \u00e1reas de Gobierno del Estado.<\/p>\n\n\n\n<p>Se afirm\u00f3 que entre las fortalezas de esta Unidad de Polic\u00eda Cibern\u00e9tica est\u00e1 la realizaci\u00f3n de campa\u00f1as de prevenci\u00f3n y concientizaci\u00f3n dirigidas a la ciudadan\u00eda, derivado del incremento del uso de internet y redes sociales. Destac\u00f3 que al ser Soledad de Graciano S\u00e1nchez el segundo municipio con m\u00e1s densidad poblacional, la creaci\u00f3n de esta \u00e1rea es un aliciente en la preservaci\u00f3n de la paz social.<\/p>\n\n\n\n<p>El secretario General del Ayuntamiento, Ernesto Jes\u00fas Barajas \u00c1brego afirm\u00f3 que se trata de una reforma al reglamento interno de la Direcci\u00f3n General de Seguridad P\u00fablica Municipal, que se suma a las labores operativas y preventivas de la corporaci\u00f3n, para ampliar la actuaci\u00f3n policial en el bien com\u00fan.<\/p>\n\n\n\n<p>Asimismo, en sesi\u00f3n ordinaria previa, y derivado de la presentaci\u00f3n del dictamen de la Comisi\u00f3n Permanente de Hacienda Municipal, fue aprobado de manera un\u00e1nime la cuenta p\u00fablica anual del ejercicio fiscal 2023, cuya introducci\u00f3n fue dirigida por el Tesorero en el Ayuntamiento, Jos\u00e9 Guadalupe P\u00e9rez Z\u00fa\u00f1iga, quien afirm\u00f3 que ello da cumplimiento a la Ley que indica la entrega del documento al Poder Legislativo para su revisi\u00f3n.<\/p>\n\n\n\n<p>Destac\u00f3 que la cuenta p\u00fablica 2023 integra cada uno de los compendios trimestrales que fueron analizados y aprobados en tiempo y forma durante el a\u00f1o de este ejercicio fiscal, dejando resultados positivos en el manejo de los recursos p\u00fablicos en beneficio de la ciudadan\u00eda soledense.<\/p>\n","protected":false},"excerpt":{"rendered":"<p>Este mi\u00e9rcoles, el Cabildo de Soledad de Graciano S\u00e1nchez aprob\u00f3 por unanimidad la creaci\u00f3n de una Unidad de Polic\u00eda Cibern\u00e9tica en el municipio, iniciativa propuesta por la Alcaldesa, Leonor Noyola Cervantes, en aras de continuar fortaleciendo el quehacer preventivo en materia de seguridad p\u00fablica y contar con m\u00e1s herramientas para asegurar la paz de las [&hellip;]<\/p>\n","protected":false},"author":2,"featured_media":9917,"comment_status":"open","ping_status":"open","sticky":false,"template":"","format":"standard","meta":{"footnotes":""},"categories":[1,24,19,21],"tags":[81,223,29,367,1859,294,276,261,27],"class_list":{"0":"post-9916","1":"post","2":"type-post","3":"status-publish","4":"format-standard","5":"has-post-thumbnail","7":"category-destacadas","8":"category-informacion-general","9":"category-seguridad","10":"category-tu-soledad","11":"tag-alcaldesa-soledense","12":"tag-ayuntamiento-soledense","13":"tag-leonor-noyola","14":"tag-policia","15":"tag-policia-cibernetica","16":"tag-san-luis","17":"tag-seguridad","18":"tag-slp","19":"tag-soledad"},"_links":{"self":[{"href":"https:\/\/cronicadesoledad.com\/index.php\/wp-json\/wp\/v2\/posts\/9916","targetHints":{"allow":["GET"]}}],"collection":[{"href":"https:\/\/cronicadesoledad.com\/index.php\/wp-json\/wp\/v2\/posts"}],"about":[{"href":"https:\/\/cronicadesoledad.com\/index.php\/wp-json\/wp\/v2\/types\/post"}],"author":[{"embeddable":true,"href":"https:\/\/cronicadesoledad.com\/index.php\/wp-json\/wp\/v2\/users\/2"}],"replies":[{"embeddable":true,"href":"https:\/\/cronicadesoledad.com\/index.php\/wp-json\/wp\/v2\/comments?post=9916"}],"version-history":[{"count":1,"href":"https:\/\/cronicadesoledad.com\/index.php\/wp-json\/wp\/v2\/posts\/9916\/revisions"}],"predecessor-version":[{"id":9918,"href":"https:\/\/cronicadesoledad.com\/index.php\/wp-json\/wp\/v2\/posts\/9916\/revisions\/9918"}],"wp:featuredmedia":[{"embeddable":true,"href":"https:\/\/cronicadesoledad.com\/index.php\/wp-json\/wp\/v2\/media\/9917"}],"wp:attachment":[{"href":"https:\/\/cronicadesoledad.com\/index.php\/wp-json\/wp\/v2\/media?parent=9916"}],"wp:term":[{"taxonomy":"category","embeddable":true,"href":"https:\/\/cronicadesoledad.com\/index.php\/wp-json\/wp\/v2\/categories?post=9916"},{"taxonomy":"post_tag","embeddable":true,"href":"https:\/\/cronicadesoledad.com\/index.php\/wp-json\/wp\/v2\/tags?post=9916"}],"curies":[{"name":"wp","href":"https:\/\/api.w.org\/{rel}","templated":true}]}}